{"id":3855,"date":"2019-03-20T15:20:37","date_gmt":"2019-03-20T14:20:37","guid":{"rendered":"https:\/\/www.bilety24.pl\/blog\/?p=3855"},"modified":"2019-03-20T15:16:01","modified_gmt":"2019-03-20T14:16:01","slug":"wiecej-niz-jedno-zycie-55-lat-teatru-osmego-dnia","status":"publish","type":"post","link":"https:\/\/www.bilety24.pl\/blog\/wiecej-niz-jedno-zycie-55-lat-teatru-osmego-dnia\/","title":{"rendered":"Wi\u0119cej ni\u017c jedno \u017cycie. 55 lat Teatru \u00d3smego Dnia"},"content":{"rendered":"\n<p><strong>Ponad 100 wydarze\u0144 zorganizuje z okazji swojego 55-lecia Teatr \u00d3smego Dnia.<\/strong><br \/> <strong>Jubileusz pod has\u0142em \u201eWi\u0119cej ni\u017c jedno \u017cycie\u201d b\u0119dzie trwa\u0142 do ko\u0144ca 2019 roku. <\/strong><br \/>     <em>\u015awi\u0119tujemy pod has\u0142em: Wi\u0119cej ni\u017c jedno \u017cycie. Odnosi si\u0119 ono do tytu\u0142u jednego z naszych spektakli sprzed lat. Z jednej strony ka\u017cdy z naszych aktor\u00f3w i tw\u00f3rc\u00f3w ma bardzo bogaty \u017cyciorys, z drugiej jako zesp\u00f3\u0142 odnosimy wra\u017cenie, jakby\u015bmy wszyscy prze\u017cyli wi\u0119cej ni\u017c jedno \u017cycie \u2013 <\/em>m\u00f3wi dyrektor <a href=\"https:\/\/www.bilety24.pl\/organizator\/teatr-osmego-dnia-933\">Teatru \u00d3smego<\/a> Dnia Ma\u0142gorzata Grupi\u0144ska-Bis.<\/p>\n\n\n\n<p>W programie jubileuszu znajd\u0105 si\u0119 spektakle teatr\u00f3w z Poznania: Biuro Podr\u00f3\u017cy, Porywacze Cia\u0142, Usta Usta Republika, Circus Ferus, Janusz Stolarski i zespo\u0142\u00f3w z ca\u0142ej Polski: Teatr Kana, Teatr Brama, Teatr Krzyk, Teatr W\u0119gajty, Pawe\u0142 Hajncel (motyl z \u0141odzi). <\/p>\n\n\n\n<p>Arty\u015bci nie tylko poka\u017c\u0105 swoje spektakle, ale r\u00f3wnie\u017c poprowadz\u0105 warsztaty teatralne i debaty o roli teatru alternatywnego we wsp\u00f3\u0142czesnej sztuce. B\u0119dzie te\u017c mo\u017cna zobaczy\u0107 wystawy archiwalnych plakat\u00f3w, projekt\u00f3w kostium\u00f3w \u00d3semek autorstwa Izabeli Rudzkiej, zdj\u0119\u0107 od lat zwi\u0105zanej z teatrem Joanny Helander oraz wzi\u0105\u0107 udzia\u0142 w koncertach: Arnolda D\u0105browskiego, autora opraw muzycznych przedstawie\u0144 Teatru \u00d3smego Dnia i przyjaciela Teatru Maurycego M\u0119czekalskiego (grupa bluesowa Tortilla).<\/p>\n\n\n\n<p>Pierwszym spektaklem, kt\u00f3ry w ramach obchod\u00f3w zaprezentuje zesp\u00f3\u0142 <a href=\"https:\/\/www.bilety24.pl\/organizator\/teatr-osmego-dnia-933\">Teatru \u00d3smego Dnia<\/a> b\u0119dzie wznowienie przedstawienia \u201ePortiernia\u201d. We wsp\u00f3\u0142czesnej wersji tego spektaklu, kt\u00f3ry premier\u0119 mia\u0142 w 2003 roku zagra pozna\u0144ski aktor Janusz Stolarski. <\/p>\n\n\n\n<p><em>Ten poruszaj\u0105cy, bardzo mocny wizualnie spektakl dotyka problem\u00f3w, kt\u00f3re wci\u0105\u017c pozostaj\u0105 aktualne: naszej ksenofobii, nietolerancji, niepami\u0119ci oraz pogardy dla biednych i wykluczonych. <br \/> Kiedy\u015b my jako ca\u0142e spo\u0142ecze\u0144stwo, (tak\u017ce my, jako zesp\u00f3\u0142), do\u015bwiadczali\u015bmy \u017cycia w biedniejszej, \u201egorszej\u201d cz\u0119\u015bci \u015bwiata. My\u015bleli\u015bmy, \u017ce to do\u015bwiadczenie uczyni nas wszystkich wra\u017cliwszymi dla spraw imigrant\u00f3w, kt\u00f3rymi te\u017c byli\u015bmy i sprawi, \u017ce otworzymy serca dla tych, kt\u00f3rzy dzi\u015b \u017cyj\u0105 za \u201e\u017celazn\u0105\u201d kurtyn\u0105 . Ale tak si\u0119 wtedy nie sta\u0142o, a dzi\u015b jest jeszcze trudniej<\/em> \u2013 m\u00f3wi Ewa W\u00f3jciak<\/p>\n\n\n\n<p>Wydarzeniem ko\u0144cz\u0105cym jubileusz b\u0119dzie grudniowa premiera spektaklu <a href=\"https:\/\/www.bilety24.pl\/organizator\/teatr-osmego-dnia-933\">Teatru \u00d3smego Dnia<\/a> oraz premiera ksi\u0105\u017cki o Zespole Teatru autorstwa Anny Karoliny K\u0142ys.<\/p>\n\n\n\n<p><\/p>\n<div class=\"fb-background-color\">\n\t\t\t  <div \n\t\t\t  \tclass = \"fb-comments\" \n\t\t\t  \tdata-href = \"https:\/\/www.bilety24.pl\/blog\/wiecej-niz-jedno-zycie-55-lat-teatru-osmego-dnia\/\"\n\t\t\t  \tdata-numposts = \"10\"\n\t\t\t  \tdata-lazy = \"true\"\n\t\t\t\tdata-colorscheme = \"light\"\n\t\t\t\tdata-order-by = \"reverse_time\"\n\t\t\t\tdata-mobile=true>\n\t\t\t  <\/div><\/div>\n\t\t  <style>\n\t\t    .fb-background-color {\n\t\t\t\tbackground:  !important;\n\t\t\t}\n\t\t\t.fb_iframe_widget_fluid_desktop iframe {\n\t\t\t    width: 100% !important;\n\t\t\t}\n\t\t  <\/style>\n\t\t  ","protected":false},"excerpt":{"rendered":"<p>Ponad 100 wydarze\u0144 zorganizuje z okazji swojego 55-lecia Teatr \u00d3smego Dnia.<br \/>\n Jubileusz pod has\u0142em \u201eWi\u0119cej ni\u017c jedno \u017cycie\u201d b\u0119dzie trwa\u0142 do ko\u0144ca 2019 roku. <\/p>\n","protected":false},"author":1,"featured_media":3857,"comment_status":"open","ping_status":"open","sticky":false,"template":"","format":"standard","meta":{"ngg_post_thumbnail":0,"footnotes":""},"categories":[1,5,179],"tags":[142,336,333,24,332,335,331,334],"class_list":["post-3855","post","type-post","status-publish","format-standard","has-post-thumbnail","hentry","category-aktualnosci","category-teatr","category-wydarzenia","tag-jubileusz","tag-malgorzata-grupinska-bis","tag-t8d","tag-teatr-2","tag-teatr-8-dnia","tag-teatr-jubileusz","tag-teatr-osmego-dnia","tag-teatr-w-poznaniu"],"yoast_head":"<!-- This site is optimized with the Yoast SEO plugin v25.3.1 - https:\/\/yoast.com\/wordpress\/plugins\/seo\/ -->\n<title>Wi\u0119cej ni\u017c jedno \u017cycie. 55 lat Teatru \u00d3smego Dnia - Blog bilety24<\/title>\n<meta name=\"robots\" content=\"index, follow, max-snippet:-1, max-image-preview:large, max-video-preview:-1\" \/>\n<link rel=\"canonical\" href=\"https:\/\/www.bilety24.pl\/blog\/wiecej-niz-jedno-zycie-55-lat-teatru-osmego-dnia\/\" \/>\n<meta property=\"og:locale\" content=\"pl_PL\" \/>\n<meta property=\"og:type\" content=\"article\" \/>\n<meta property=\"og:title\" content=\"Wi\u0119cej ni\u017c jedno \u017cycie. 55 lat Teatru \u00d3smego Dnia - Blog bilety24\" \/>\n<meta property=\"og:description\" content=\"Ponad 100 wydarze\u0144 zorganizuje z okazji swojego 55-lecia Teatr \u00d3smego Dnia. Jubileusz pod has\u0142em \u201eWi\u0119cej ni\u017c jedno \u017cycie\u201d b\u0119dzie trwa\u0142 do ko\u0144ca 2019 roku.\" \/>\n<meta property=\"og:url\" content=\"https:\/\/www.bilety24.pl\/blog\/wiecej-niz-jedno-zycie-55-lat-teatru-osmego-dnia\/\" \/>\n<meta property=\"og:site_name\" content=\"Blog bilety24\" \/>\n<meta property=\"article:publisher\" content=\"https:\/\/www.facebook.com\/bilety24\/\" \/>\n<meta property=\"article:author\" content=\"https:\/\/www.facebook.com\/bilety24\/\" \/>\n<meta property=\"article:published_time\" content=\"2019-03-20T14:20:37+00:00\" \/>\n<meta property=\"og:image\" content=\"https:\/\/www.bilety24.pl\/blog\/wp-content\/uploads\/2019\/03\/T8D_002_21_06-1024x697.jpg\" \/>\n\t<meta property=\"og:image:width\" content=\"1024\" \/>\n\t<meta property=\"og:image:height\" content=\"697\" \/>\n\t<meta property=\"og:image:type\" content=\"image\/jpeg\" \/>\n<meta name=\"author\" content=\"Bilety24\" \/>\n<meta name=\"twitter:card\" content=\"summary_large_image\" \/>\n<meta name=\"twitter:label1\" content=\"Napisane przez\" \/>\n\t<meta name=\"twitter:data1\" content=\"Bilety24\" \/>\n\t<meta name=\"twitter:label2\" content=\"Szacowany czas czytania\" \/>\n\t<meta name=\"twitter:data2\" content=\"2 minuty\" \/>\n<script type=\"application\/ld+json\" class=\"yoast-schema-graph\">{\"@context\":\"https:\/\/schema.org\",\"@graph\":[{\"@type\":\"WebPage\",\"@id\":\"https:\/\/www.bilety24.pl\/blog\/wiecej-niz-jedno-zycie-55-lat-teatru-osmego-dnia\/\",\"url\":\"https:\/\/www.bilety24.pl\/blog\/wiecej-niz-jedno-zycie-55-lat-teatru-osmego-dnia\/\",\"name\":\"Wi\u0119cej ni\u017c jedno \u017cycie. 55 lat Teatru \u00d3smego Dnia - Blog bilety24\",\"isPartOf\":{\"@id\":\"https:\/\/www.bilety24.pl\/blog\/#website\"},\"primaryImageOfPage\":{\"@id\":\"https:\/\/www.bilety24.pl\/blog\/wiecej-niz-jedno-zycie-55-lat-teatru-osmego-dnia\/#primaryimage\"},\"image\":{\"@id\":\"https:\/\/www.bilety24.pl\/blog\/wiecej-niz-jedno-zycie-55-lat-teatru-osmego-dnia\/#primaryimage\"},\"thumbnailUrl\":\"https:\/\/www.bilety24.pl\/blog\/wp-content\/uploads\/2019\/03\/T8D_002_21_06-scaled.jpg\",\"datePublished\":\"2019-03-20T14:20:37+00:00\",\"author\":{\"@id\":\"https:\/\/www.bilety24.pl\/blog\/#\/schema\/person\/7e329e2da8aeaa3d81eb768b6382742e\"},\"breadcrumb\":{\"@id\":\"https:\/\/www.bilety24.pl\/blog\/wiecej-niz-jedno-zycie-55-lat-teatru-osmego-dnia\/#breadcrumb\"},\"inLanguage\":\"pl-PL\",\"potentialAction\":[{\"@type\":\"ReadAction\",\"target\":[\"https:\/\/www.bilety24.pl\/blog\/wiecej-niz-jedno-zycie-55-lat-teatru-osmego-dnia\/\"]}]},{\"@type\":\"ImageObject\",\"inLanguage\":\"pl-PL\",\"@id\":\"https:\/\/www.bilety24.pl\/blog\/wiecej-niz-jedno-zycie-55-lat-teatru-osmego-dnia\/#primaryimage\",\"url\":\"https:\/\/www.bilety24.pl\/blog\/wp-content\/uploads\/2019\/03\/T8D_002_21_06-scaled.jpg\",\"contentUrl\":\"https:\/\/www.bilety24.pl\/blog\/wp-content\/uploads\/2019\/03\/T8D_002_21_06-scaled.jpg\",\"width\":3692,\"height\":2512,\"caption\":\"Portiernia\"},{\"@type\":\"BreadcrumbList\",\"@id\":\"https:\/\/www.bilety24.pl\/blog\/wiecej-niz-jedno-zycie-55-lat-teatru-osmego-dnia\/#breadcrumb\",\"itemListElement\":[{\"@type\":\"ListItem\",\"position\":1,\"name\":\"Strona g\u0142\u00f3wna\",\"item\":\"https:\/\/www.bilety24.pl\/blog\/\"},{\"@type\":\"ListItem\",\"position\":2,\"name\":\"Wi\u0119cej ni\u017c jedno \u017cycie. 55 lat Teatru \u00d3smego Dnia\"}]},{\"@type\":\"WebSite\",\"@id\":\"https:\/\/www.bilety24.pl\/blog\/#website\",\"url\":\"https:\/\/www.bilety24.pl\/blog\/\",\"name\":\"Blog Bilety24\",\"description\":\"Blog kulturalny\",\"potentialAction\":[{\"@type\":\"SearchAction\",\"target\":{\"@type\":\"EntryPoint\",\"urlTemplate\":\"https:\/\/www.bilety24.pl\/blog\/?s={search_term_string}\"},\"query-input\":{\"@type\":\"PropertyValueSpecification\",\"valueRequired\":true,\"valueName\":\"search_term_string\"}}],\"inLanguage\":\"pl-PL\"},{\"@type\":\"Person\",\"@id\":\"https:\/\/www.bilety24.pl\/blog\/#\/schema\/person\/7e329e2da8aeaa3d81eb768b6382742e\",\"name\":\"Bilety24\",\"image\":{\"@type\":\"ImageObject\",\"inLanguage\":\"pl-PL\",\"@id\":\"https:\/\/www.bilety24.pl\/blog\/#\/schema\/person\/image\/\",\"url\":\"https:\/\/secure.gravatar.com\/avatar\/8d3eaee9955bb1343637ec742a251e4a?s=96&d=mm&r=g\",\"contentUrl\":\"https:\/\/secure.gravatar.com\/avatar\/8d3eaee9955bb1343637ec742a251e4a?s=96&d=mm&r=g\",\"caption\":\"Bilety24\"},\"sameAs\":[\"https:\/\/www.facebook.com\/bilety24\/\",\"https:\/\/www.instagram.com\/_bilety24\/\"],\"url\":\"https:\/\/www.bilety24.pl\/blog\/author\/admin_bilety24\/\"}]}<\/script>\n<!-- \/ Yoast SEO plugin. -->","yoast_head_json":{"title":"Wi\u0119cej ni\u017c jedno \u017cycie. 55 lat Teatru \u00d3smego Dnia - Blog bilety24","robots":{"index":"index","follow":"follow","max-snippet":"max-snippet:-1","max-image-preview":"max-image-preview:large","max-video-preview":"max-video-preview:-1"},"canonical":"https:\/\/www.bilety24.pl\/blog\/wiecej-niz-jedno-zycie-55-lat-teatru-osmego-dnia\/","og_locale":"pl_PL","og_type":"article","og_title":"Wi\u0119cej ni\u017c jedno \u017cycie. 55 lat Teatru \u00d3smego Dnia - Blog bilety24","og_description":"Ponad 100 wydarze\u0144 zorganizuje z okazji swojego 55-lecia Teatr \u00d3smego Dnia. Jubileusz pod has\u0142em \u201eWi\u0119cej ni\u017c jedno \u017cycie\u201d b\u0119dzie trwa\u0142 do ko\u0144ca 2019 roku.","og_url":"https:\/\/www.bilety24.pl\/blog\/wiecej-niz-jedno-zycie-55-lat-teatru-osmego-dnia\/","og_site_name":"Blog bilety24","article_publisher":"https:\/\/www.facebook.com\/bilety24\/","article_author":"https:\/\/www.facebook.com\/bilety24\/","article_published_time":"2019-03-20T14:20:37+00:00","og_image":[{"width":1024,"height":697,"url":"https:\/\/www.bilety24.pl\/blog\/wp-content\/uploads\/2019\/03\/T8D_002_21_06-1024x697.jpg","type":"image\/jpeg"}],"author":"Bilety24","twitter_card":"summary_large_image","twitter_misc":{"Napisane przez":"Bilety24","Szacowany czas czytania":"2 minuty"},"schema":{"@context":"https:\/\/schema.org","@graph":[{"@type":"WebPage","@id":"https:\/\/www.bilety24.pl\/blog\/wiecej-niz-jedno-zycie-55-lat-teatru-osmego-dnia\/","url":"https:\/\/www.bilety24.pl\/blog\/wiecej-niz-jedno-zycie-55-lat-teatru-osmego-dnia\/","name":"Wi\u0119cej ni\u017c jedno \u017cycie. 55 lat Teatru \u00d3smego Dnia - Blog bilety24","isPartOf":{"@id":"https:\/\/www.bilety24.pl\/blog\/#website"},"primaryImageOfPage":{"@id":"https:\/\/www.bilety24.pl\/blog\/wiecej-niz-jedno-zycie-55-lat-teatru-osmego-dnia\/#primaryimage"},"image":{"@id":"https:\/\/www.bilety24.pl\/blog\/wiecej-niz-jedno-zycie-55-lat-teatru-osmego-dnia\/#primaryimage"},"thumbnailUrl":"https:\/\/www.bilety24.pl\/blog\/wp-content\/uploads\/2019\/03\/T8D_002_21_06-scaled.jpg","datePublished":"2019-03-20T14:20:37+00:00","author":{"@id":"https:\/\/www.bilety24.pl\/blog\/#\/schema\/person\/7e329e2da8aeaa3d81eb768b6382742e"},"breadcrumb":{"@id":"https:\/\/www.bilety24.pl\/blog\/wiecej-niz-jedno-zycie-55-lat-teatru-osmego-dnia\/#breadcrumb"},"inLanguage":"pl-PL","potentialAction":[{"@type":"ReadAction","target":["https:\/\/www.bilety24.pl\/blog\/wiecej-niz-jedno-zycie-55-lat-teatru-osmego-dnia\/"]}]},{"@type":"ImageObject","inLanguage":"pl-PL","@id":"https:\/\/www.bilety24.pl\/blog\/wiecej-niz-jedno-zycie-55-lat-teatru-osmego-dnia\/#primaryimage","url":"https:\/\/www.bilety24.pl\/blog\/wp-content\/uploads\/2019\/03\/T8D_002_21_06-scaled.jpg","contentUrl":"https:\/\/www.bilety24.pl\/blog\/wp-content\/uploads\/2019\/03\/T8D_002_21_06-scaled.jpg","width":3692,"height":2512,"caption":"Portiernia"},{"@type":"BreadcrumbList","@id":"https:\/\/www.bilety24.pl\/blog\/wiecej-niz-jedno-zycie-55-lat-teatru-osmego-dnia\/#breadcrumb","itemListElement":[{"@type":"ListItem","position":1,"name":"Strona g\u0142\u00f3wna","item":"https:\/\/www.bilety24.pl\/blog\/"},{"@type":"ListItem","position":2,"name":"Wi\u0119cej ni\u017c jedno \u017cycie. 55 lat Teatru \u00d3smego Dnia"}]},{"@type":"WebSite","@id":"https:\/\/www.bilety24.pl\/blog\/#website","url":"https:\/\/www.bilety24.pl\/blog\/","name":"Blog Bilety24","description":"Blog kulturalny","potentialAction":[{"@type":"SearchAction","target":{"@type":"EntryPoint","urlTemplate":"https:\/\/www.bilety24.pl\/blog\/?s={search_term_string}"},"query-input":{"@type":"PropertyValueSpecification","valueRequired":true,"valueName":"search_term_string"}}],"inLanguage":"pl-PL"},{"@type":"Person","@id":"https:\/\/www.bilety24.pl\/blog\/#\/schema\/person\/7e329e2da8aeaa3d81eb768b6382742e","name":"Bilety24","image":{"@type":"ImageObject","inLanguage":"pl-PL","@id":"https:\/\/www.bilety24.pl\/blog\/#\/schema\/person\/image\/","url":"https:\/\/secure.gravatar.com\/avatar\/8d3eaee9955bb1343637ec742a251e4a?s=96&d=mm&r=g","contentUrl":"https:\/\/secure.gravatar.com\/avatar\/8d3eaee9955bb1343637ec742a251e4a?s=96&d=mm&r=g","caption":"Bilety24"},"sameAs":["https:\/\/www.facebook.com\/bilety24\/","https:\/\/www.instagram.com\/_bilety24\/"],"url":"https:\/\/www.bilety24.pl\/blog\/author\/admin_bilety24\/"}]}},"_links":{"self":[{"href":"https:\/\/www.bilety24.pl\/blog\/wp-json\/wp\/v2\/posts\/3855","targetHints":{"allow":["GET"]}}],"collection":[{"href":"https:\/\/www.bilety24.pl\/blog\/wp-json\/wp\/v2\/posts"}],"about":[{"href":"https:\/\/www.bilety24.pl\/blog\/wp-json\/wp\/v2\/types\/post"}],"author":[{"embeddable":true,"href":"https:\/\/www.bilety24.pl\/blog\/wp-json\/wp\/v2\/users\/1"}],"replies":[{"embeddable":true,"href":"https:\/\/www.bilety24.pl\/blog\/wp-json\/wp\/v2\/comments?post=3855"}],"version-history":[{"count":2,"href":"https:\/\/www.bilety24.pl\/blog\/wp-json\/wp\/v2\/posts\/3855\/revisions"}],"predecessor-version":[{"id":3867,"href":"https:\/\/www.bilety24.pl\/blog\/wp-json\/wp\/v2\/posts\/3855\/revisions\/3867"}],"wp:featuredmedia":[{"embeddable":true,"href":"https:\/\/www.bilety24.pl\/blog\/wp-json\/wp\/v2\/media\/3857"}],"wp:attachment":[{"href":"https:\/\/www.bilety24.pl\/blog\/wp-json\/wp\/v2\/media?parent=3855"}],"wp:term":[{"taxonomy":"category","embeddable":true,"href":"https:\/\/www.bilety24.pl\/blog\/wp-json\/wp\/v2\/categories?post=3855"},{"taxonomy":"post_tag","embeddable":true,"href":"https:\/\/www.bilety24.pl\/blog\/wp-json\/wp\/v2\/tags?post=3855"}],"curies":[{"name":"wp","href":"https:\/\/api.w.org\/{rel}","templated":true}]}}