{"id":4391,"date":"2019-07-08T11:27:42","date_gmt":"2019-07-08T10:27:42","guid":{"rendered":"https:\/\/www.bilety24.pl\/blog\/?p=4391"},"modified":"2019-07-08T11:28:36","modified_gmt":"2019-07-08T10:28:36","slug":"25-lat-marcin-wasilewski-trio","status":"publish","type":"post","link":"https:\/\/www.bilety24.pl\/blog\/25-lat-marcin-wasilewski-trio\/","title":{"rendered":"25 lat Marcin Wasilewski Trio"},"content":{"rendered":"\n<p><strong>50 lat\u00a0R+P Krzysztof Komeda \/ 50 lat ECM Records \/25 lat Marcin Wasilewski Trio <\/strong><\/p>\n\n\n\n<p><strong>Marcin Wasilewski Trio<\/strong> to najs\u0142ynniejsze na \u015bwiecie\npolskie trio jazzowe, za\u0142o\u017cone przez wybitnego pianist\u0119\ni kompozytora Marcina Wasielewskiego oraz basist\u0119 <strong>S\u0142awomira Kurkiewicza<\/strong>. Muzycy od wielu lat s\u0105 ambasadorami polskiej\nkultury na \u015bwiecie.<\/p>\n\n\n\n<figure class=\"wp-block-image\"><img loading=\"lazy\" decoding=\"async\" width=\"958\" height=\"400\" src=\"https:\/\/www.bilety24.pl\/blog\/wp-content\/uploads\/2019\/07\/Bilety24_wasilewski_tio.jpg\" alt=\"\" class=\"wp-image-4393\" srcset=\"https:\/\/www.bilety24.pl\/blog\/wp-content\/uploads\/2019\/07\/Bilety24_wasilewski_tio.jpg 958w, https:\/\/www.bilety24.pl\/blog\/wp-content\/uploads\/2019\/07\/Bilety24_wasilewski_tio-374x156.jpg 374w, https:\/\/www.bilety24.pl\/blog\/wp-content\/uploads\/2019\/07\/Bilety24_wasilewski_tio-768x321.jpg 768w\" sizes=\"auto, (max-width: 958px) 100vw, 958px\" \/><\/figure>\n\n\n\n<p>Laureaci licznych\nnagr\u00f3d, zdobywcy najwi\u0119kszej liczby <strong>Fryderyk\u00f3w<\/strong>\nw kategorii jazz &#8211; nagr\u00f3d Polskiego Przemys\u0142u Muzycznego, sam <strong>Marcin Wasilewski<\/strong> zgromadzi\u0142 na swoim\nkoncie a\u017c 9 statuetek. Mog\u0105 si\u0119 poszczyci\u0107 wsp\u00f3\u0142prac\u0105 z niemal\nwszystkimi czo\u0142owymi postaciami polskiego i\n\u015bwiatowego jazzu, jako Trio <strong>Charles\nLloyd, Joe Lovano, Nils Petter Molvaer<\/strong>, czy osobno <strong>Branford Marsalis, Jan Garbarek, Manu Katche, Al Foster<\/strong> i wielu\ninnych.&nbsp; To oni przez prawie 20 lat\nwsp\u00f3\u0142tworzyli na scenie legendarny <strong>Kwartet\nTomasza Sta\u0144ko<\/strong> oraz nagrali z nim albumy: <strong><em>Soul of Things<\/em><\/strong><em>, <strong>Suspended\nNigh<\/strong>t<\/em> czy <strong><em>Lontano<\/em><\/strong>. Do dzi\u015b s\u0105 najd\u0142u\u017cej wsp\u00f3\u0142pracuj\u0105cym polskim artyst\u0105 z\nuznawan\u0105 za jedn\u0105 z najwa\u017cniejszych wytw\u00f3rni jazzowych na \u015bwiecie <strong>ECM Records<\/strong>. <\/p>\n\n\n\n<a href=\"https:\/\/www.bilety24.pl\/koncert\/25-lat-marcin-wasilewski-trio-52063\"><figure class=\"wp-block-image\"><img loading=\"lazy\" decoding=\"async\" width=\"1024\" height=\"66\" src=\"https:\/\/www.bilety24.pl\/blog\/wp-content\/uploads\/2019\/07\/Screenshot_2019-07-08-Bilet-na-koncert-25-LAT-MARCIN-WASILEWSKI-TRIO-Pozna\u0144-Bilety24-pl-Bilety24-pl-1024x66.png\" alt=\"\" class=\"wp-image-4395\" srcset=\"https:\/\/www.bilety24.pl\/blog\/wp-content\/uploads\/2019\/07\/Screenshot_2019-07-08-Bilet-na-koncert-25-LAT-MARCIN-WASILEWSKI-TRIO-Pozna\u0144-Bilety24-pl-Bilety24-pl-1024x66.png 1024w, https:\/\/www.bilety24.pl\/blog\/wp-content\/uploads\/2019\/07\/Screenshot_2019-07-08-Bilet-na-koncert-25-LAT-MARCIN-WASILEWSKI-TRIO-Pozna\u0144-Bilety24-pl-Bilety24-pl-374x24.png 374w, https:\/\/www.bilety24.pl\/blog\/wp-content\/uploads\/2019\/07\/Screenshot_2019-07-08-Bilet-na-koncert-25-LAT-MARCIN-WASILEWSKI-TRIO-Pozna\u0144-Bilety24-pl-Bilety24-pl-768x49.png 768w, https:\/\/www.bilety24.pl\/blog\/wp-content\/uploads\/2019\/07\/Screenshot_2019-07-08-Bilet-na-koncert-25-LAT-MARCIN-WASILEWSKI-TRIO-Pozna\u0144-Bilety24-pl-Bilety24-pl.png 1212w\" sizes=\"auto, (max-width: 1024px) 100vw, 1024px\" \/><\/figure><\/a><a><\/a>\n\n\n\n<a href=\"https:\/\/www.bilety24.pl\/koncert\/jubileusz-25-lat-marcin-wasilewski-trio-52096\"><figure class=\"wp-block-image\"><img loading=\"lazy\" decoding=\"async\" width=\"1024\" height=\"66\" src=\"https:\/\/www.bilety24.pl\/blog\/wp-content\/uploads\/2019\/07\/Screenshot_2019-07-08-Bilet-na-koncert-Jubileusz-25-lat-Marcin-Wasilewski-Trio-Wa\u0142brzych-Bilety24-pl-Bilety24-pl-1024x66.png\" alt=\"\" class=\"wp-image-4396\" srcset=\"https:\/\/www.bilety24.pl\/blog\/wp-content\/uploads\/2019\/07\/Screenshot_2019-07-08-Bilet-na-koncert-Jubileusz-25-lat-Marcin-Wasilewski-Trio-Wa\u0142brzych-Bilety24-pl-Bilety24-pl-1024x66.png 1024w, https:\/\/www.bilety24.pl\/blog\/wp-content\/uploads\/2019\/07\/Screenshot_2019-07-08-Bilet-na-koncert-Jubileusz-25-lat-Marcin-Wasilewski-Trio-Wa\u0142brzych-Bilety24-pl-Bilety24-pl-374x24.png 374w, https:\/\/www.bilety24.pl\/blog\/wp-content\/uploads\/2019\/07\/Screenshot_2019-07-08-Bilet-na-koncert-Jubileusz-25-lat-Marcin-Wasilewski-Trio-Wa\u0142brzych-Bilety24-pl-Bilety24-pl-768x49.png 768w, https:\/\/www.bilety24.pl\/blog\/wp-content\/uploads\/2019\/07\/Screenshot_2019-07-08-Bilet-na-koncert-Jubileusz-25-lat-Marcin-Wasilewski-Trio-Wa\u0142brzych-Bilety24-pl-Bilety24-pl.png 1211w\" sizes=\"auto, (max-width: 1024px) 100vw, 1024px\" \/><\/figure><\/a>\n\n\n\n<p>W 2019 roku zesp\u00f3\u0142 obchodzi <strong>25 rocznic\u0119<\/strong> istnienia w niezmienionym sk\u0142adzie: <strong>Marcin Wasilewski<\/strong> fortepian, <strong>S\u0142awomir Kurkiewicz<\/strong> kontrabas, <strong>Micha\u0142 Mi\u015bkiewicz<\/strong> perkusja. Jego historia si\u0119ga jednak 1990 roku. W\u00f3wczas powsta\u0142a formacja <strong>Simple Acoustic Trio<\/strong>. W 1993 roku do sk\u0142adu do\u0142\u0105czy\u0142 jako ostatni, perkusista <strong>Micha\u0142 Mi\u015bkiewicz<\/strong>, syn s\u0142ynnego jazzowego saksofonisty Henryka Mi\u015bkiewicza. Od tego momentu formacja dzia\u0142a jako kompletny band niepoddaj\u0105cy si\u0119 \u017cadnym personalnym zawirowaniom. Na swoim koncie maja 9 p\u0142yt, w tym nagrodzony w tym roku Fryderykiem album <strong><em>Live<\/em><\/strong> w kategorii <strong>Jazzowy Album Roku<\/strong>.<\/p>\n\n\n\n<p><strong>Jubileusz Marcin Wasilewski Trio<\/strong> zbiega si\u0119 z\nr\u00f3wnie\u017c z obchodami 50-lecia jednej z najwa\u017cniejszych wytw\u00f3rni p\u0142ytowych na\n\u015bwiecie \u2013 <strong>ECM Records<\/strong>, macierzystej\nwytw\u00f3rni, dla kt\u00f3rej Trio nagra\u0142o ju\u017c 5 p\u0142yt, wcze\u015bniej wyst\u0119puj\u0105c na 3\nalbumach nieod\u017ca\u0142owanego Tomasza Sta\u0144ko w jego Kwartecie.<\/p>\n\n\n\n<figure class=\"wp-block-image\"><img loading=\"lazy\" decoding=\"async\" width=\"824\" height=\"558\" src=\"https:\/\/www.bilety24.pl\/blog\/wp-content\/uploads\/2019\/07\/Wasilewski-Trio_foto-Live.jpg\" alt=\"\" class=\"wp-image-4394\" srcset=\"https:\/\/www.bilety24.pl\/blog\/wp-content\/uploads\/2019\/07\/Wasilewski-Trio_foto-Live.jpg 824w, https:\/\/www.bilety24.pl\/blog\/wp-content\/uploads\/2019\/07\/Wasilewski-Trio_foto-Live-374x253.jpg 374w, https:\/\/www.bilety24.pl\/blog\/wp-content\/uploads\/2019\/07\/Wasilewski-Trio_foto-Live-768x520.jpg 768w\" sizes=\"auto, (max-width: 824px) 100vw, 824px\" \/><\/figure>\n\n\n\n<p>Druga znacz\u0105ca rocznica to <strong>50 rocznica \u015bmierci<\/strong> <strong>Krzysztofa Komedy<\/strong>, przypadaj\u0105ca r\u00f3wnie\u017c na ten rok. To w\u0142a\u015bnie muzycy <strong>Marcin Wasilewski Trio<\/strong> (pod pierwotn\u0105 <strong>Simple Acoustic Trio<\/strong>) jako pierwsi od \u015bmierci Komedy si\u0119gn\u0119li po jego muzyk\u0119 na swojej debiutanckiej p\u0142ycie <em><strong>Komeda,<\/strong><\/em> kt\u00f3ry sta\u0142 si\u0119 jednym z najg\u0142o\u015bniej komentowanych debiut\u00f3w tamtych lat.<\/p>\n\n\n\n<p>W ramach jubileuszu, w grudniu 2019, odb\u0119dzie si\u0119 og\u00f3lnopolska trasa koncertowa. Podczas koncert\u00f3w Trio zaprezentuje r\u00f3\u017cne oblicza swojej tw\u00f3rczo\u015bci, oddaj\u0105c ho\u0142d swoim wielkim mistrzom i mentorom: <strong>Krzysztofowi Komedzie<\/strong> oraz niedawno zmar\u0142emu <strong>Tomaszowi Sta\u0144ko<\/strong>.<\/p>\n\n\n\n<p><em>W CA\u0141EJ HISTORII POLSKIEGO JAZZU NIE BY\u0141O TAKIEJ GRUPY JAK ONI<\/em><\/p>\n\n\n\n<p style=\"text-align:right\">&nbsp;<strong>TOMASZ\nSTA\u0143KO<\/strong><\/p>\n<div class=\"fb-background-color\">\n\t\t\t  <div \n\t\t\t  \tclass = \"fb-comments\" \n\t\t\t  \tdata-href = \"https:\/\/www.bilety24.pl\/blog\/25-lat-marcin-wasilewski-trio\/\"\n\t\t\t  \tdata-numposts = \"10\"\n\t\t\t  \tdata-lazy = \"true\"\n\t\t\t\tdata-colorscheme = \"light\"\n\t\t\t\tdata-order-by = \"reverse_time\"\n\t\t\t\tdata-mobile=true>\n\t\t\t  <\/div><\/div>\n\t\t  <style>\n\t\t    .fb-background-color {\n\t\t\t\tbackground:  !important;\n\t\t\t}\n\t\t\t.fb_iframe_widget_fluid_desktop iframe {\n\t\t\t    width: 100% !important;\n\t\t\t}\n\t\t  <\/style>\n\t\t  ","protected":false},"excerpt":{"rendered":"<p>50 lat\u00a0R+P Krzysztof Komeda \/ 50 lat ECM Records \/25 lat Marcin Wasilewski Trio Marcin Wasilewski Trio to najs\u0142ynniejsze na \u015bwiecie polskie trio jazzowe, za\u0142o\u017cone przez wybitnego pianist\u0119 i kompozytora Marcina Wasielewskiego oraz basist\u0119 S\u0142awomira Kurkiewicza. Muzycy od wielu lat s\u0105 ambasadorami polskiej kultury na \u015bwiecie. Laureaci licznych nagr\u00f3d, zdobywcy najwi\u0119kszej liczby Fryderyk\u00f3w w kategorii [&hellip;]<\/p>\n","protected":false},"author":1,"featured_media":4398,"comment_status":"open","ping_status":"open","sticky":false,"template":"","format":"standard","meta":{"ngg_post_thumbnail":0,"footnotes":""},"categories":[2,179],"tags":[180,327,457,458,192,142,322,455,36,456,454],"class_list":["post-4391","post","type-post","status-publish","format-standard","has-post-thumbnail","hentry","category-koncert","category-wydarzenia","tag-ck-zamek","tag-ck-zamek-poznan","tag-ecm-records","tag-fryderyki","tag-jazz","tag-jubileusz","tag-komeda","tag-krukiewicz","tag-poznan","tag-walbrzych","tag-wasilewski"],"yoast_head":"<!-- This site is optimized with the Yoast SEO plugin v25.3.1 - https:\/\/yoast.com\/wordpress\/plugins\/seo\/ -->\n<title>25 lat Marcin Wasilewski Trio - Blog bilety24<\/title>\n<meta name=\"robots\" content=\"index, follow, max-snippet:-1, max-image-preview:large, max-video-preview:-1\" \/>\n<link rel=\"canonical\" href=\"https:\/\/www.bilety24.pl\/blog\/25-lat-marcin-wasilewski-trio\/\" \/>\n<meta property=\"og:locale\" content=\"pl_PL\" \/>\n<meta property=\"og:type\" content=\"article\" \/>\n<meta property=\"og:title\" content=\"25 lat Marcin Wasilewski Trio - Blog bilety24\" \/>\n<meta property=\"og:description\" content=\"50 lat\u00a0R+P Krzysztof Komeda \/ 50 lat ECM Records \/25 lat Marcin Wasilewski Trio Marcin Wasilewski Trio to najs\u0142ynniejsze na \u015bwiecie polskie trio jazzowe, za\u0142o\u017cone przez wybitnego pianist\u0119 i kompozytora Marcina Wasielewskiego oraz basist\u0119 S\u0142awomira Kurkiewicza. Muzycy od wielu lat s\u0105 ambasadorami polskiej kultury na \u015bwiecie. Laureaci licznych nagr\u00f3d, zdobywcy najwi\u0119kszej liczby Fryderyk\u00f3w w kategorii [&hellip;]\" \/>\n<meta property=\"og:url\" content=\"https:\/\/www.bilety24.pl\/blog\/25-lat-marcin-wasilewski-trio\/\" \/>\n<meta property=\"og:site_name\" content=\"Blog bilety24\" \/>\n<meta property=\"article:publisher\" content=\"https:\/\/www.facebook.com\/bilety24\/\" \/>\n<meta property=\"article:author\" content=\"https:\/\/www.facebook.com\/bilety24\/\" \/>\n<meta property=\"article:published_time\" content=\"2019-07-08T10:27:42+00:00\" \/>\n<meta property=\"article:modified_time\" content=\"2019-07-08T10:28:36+00:00\" \/>\n<meta property=\"og:image\" content=\"https:\/\/www.bilety24.pl\/blog\/wp-content\/uploads\/2019\/07\/25-Lat-MWT.jpg\" \/>\n\t<meta property=\"og:image:width\" content=\"1319\" \/>\n\t<meta property=\"og:image:height\" content=\"664\" \/>\n\t<meta property=\"og:image:type\" content=\"image\/jpeg\" \/>\n<meta name=\"author\" content=\"Bilety24\" \/>\n<meta name=\"twitter:card\" content=\"summary_large_image\" \/>\n<meta name=\"twitter:label1\" content=\"Napisane przez\" \/>\n\t<meta name=\"twitter:data1\" content=\"Bilety24\" \/>\n\t<meta name=\"twitter:label2\" content=\"Szacowany czas czytania\" \/>\n\t<meta name=\"twitter:data2\" content=\"2 minuty\" \/>\n<script type=\"application\/ld+json\" class=\"yoast-schema-graph\">{\"@context\":\"https:\/\/schema.org\",\"@graph\":[{\"@type\":\"WebPage\",\"@id\":\"https:\/\/www.bilety24.pl\/blog\/25-lat-marcin-wasilewski-trio\/\",\"url\":\"https:\/\/www.bilety24.pl\/blog\/25-lat-marcin-wasilewski-trio\/\",\"name\":\"25 lat Marcin Wasilewski Trio - Blog bilety24\",\"isPartOf\":{\"@id\":\"https:\/\/www.bilety24.pl\/blog\/#website\"},\"primaryImageOfPage\":{\"@id\":\"https:\/\/www.bilety24.pl\/blog\/25-lat-marcin-wasilewski-trio\/#primaryimage\"},\"image\":{\"@id\":\"https:\/\/www.bilety24.pl\/blog\/25-lat-marcin-wasilewski-trio\/#primaryimage\"},\"thumbnailUrl\":\"https:\/\/www.bilety24.pl\/blog\/wp-content\/uploads\/2019\/07\/25-Lat-MWT.jpg\",\"datePublished\":\"2019-07-08T10:27:42+00:00\",\"dateModified\":\"2019-07-08T10:28:36+00:00\",\"author\":{\"@id\":\"https:\/\/www.bilety24.pl\/blog\/#\/schema\/person\/7e329e2da8aeaa3d81eb768b6382742e\"},\"breadcrumb\":{\"@id\":\"https:\/\/www.bilety24.pl\/blog\/25-lat-marcin-wasilewski-trio\/#breadcrumb\"},\"inLanguage\":\"pl-PL\",\"potentialAction\":[{\"@type\":\"ReadAction\",\"target\":[\"https:\/\/www.bilety24.pl\/blog\/25-lat-marcin-wasilewski-trio\/\"]}]},{\"@type\":\"ImageObject\",\"inLanguage\":\"pl-PL\",\"@id\":\"https:\/\/www.bilety24.pl\/blog\/25-lat-marcin-wasilewski-trio\/#primaryimage\",\"url\":\"https:\/\/www.bilety24.pl\/blog\/wp-content\/uploads\/2019\/07\/25-Lat-MWT.jpg\",\"contentUrl\":\"https:\/\/www.bilety24.pl\/blog\/wp-content\/uploads\/2019\/07\/25-Lat-MWT.jpg\",\"width\":1319,\"height\":664},{\"@type\":\"BreadcrumbList\",\"@id\":\"https:\/\/www.bilety24.pl\/blog\/25-lat-marcin-wasilewski-trio\/#breadcrumb\",\"itemListElement\":[{\"@type\":\"ListItem\",\"position\":1,\"name\":\"Strona g\u0142\u00f3wna\",\"item\":\"https:\/\/www.bilety24.pl\/blog\/\"},{\"@type\":\"ListItem\",\"position\":2,\"name\":\"25 lat Marcin Wasilewski Trio\"}]},{\"@type\":\"WebSite\",\"@id\":\"https:\/\/www.bilety24.pl\/blog\/#website\",\"url\":\"https:\/\/www.bilety24.pl\/blog\/\",\"name\":\"Blog Bilety24\",\"description\":\"Blog kulturalny\",\"potentialAction\":[{\"@type\":\"SearchAction\",\"target\":{\"@type\":\"EntryPoint\",\"urlTemplate\":\"https:\/\/www.bilety24.pl\/blog\/?s={search_term_string}\"},\"query-input\":{\"@type\":\"PropertyValueSpecification\",\"valueRequired\":true,\"valueName\":\"search_term_string\"}}],\"inLanguage\":\"pl-PL\"},{\"@type\":\"Person\",\"@id\":\"https:\/\/www.bilety24.pl\/blog\/#\/schema\/person\/7e329e2da8aeaa3d81eb768b6382742e\",\"name\":\"Bilety24\",\"image\":{\"@type\":\"ImageObject\",\"inLanguage\":\"pl-PL\",\"@id\":\"https:\/\/www.bilety24.pl\/blog\/#\/schema\/person\/image\/\",\"url\":\"https:\/\/secure.gravatar.com\/avatar\/8d3eaee9955bb1343637ec742a251e4a?s=96&d=mm&r=g\",\"contentUrl\":\"https:\/\/secure.gravatar.com\/avatar\/8d3eaee9955bb1343637ec742a251e4a?s=96&d=mm&r=g\",\"caption\":\"Bilety24\"},\"sameAs\":[\"https:\/\/www.facebook.com\/bilety24\/\",\"https:\/\/www.instagram.com\/_bilety24\/\"],\"url\":\"https:\/\/www.bilety24.pl\/blog\/author\/admin_bilety24\/\"}]}<\/script>\n<!-- \/ Yoast SEO plugin. -->","yoast_head_json":{"title":"25 lat Marcin Wasilewski Trio - Blog bilety24","robots":{"index":"index","follow":"follow","max-snippet":"max-snippet:-1","max-image-preview":"max-image-preview:large","max-video-preview":"max-video-preview:-1"},"canonical":"https:\/\/www.bilety24.pl\/blog\/25-lat-marcin-wasilewski-trio\/","og_locale":"pl_PL","og_type":"article","og_title":"25 lat Marcin Wasilewski Trio - Blog bilety24","og_description":"50 lat\u00a0R+P Krzysztof Komeda \/ 50 lat ECM Records \/25 lat Marcin Wasilewski Trio Marcin Wasilewski Trio to najs\u0142ynniejsze na \u015bwiecie polskie trio jazzowe, za\u0142o\u017cone przez wybitnego pianist\u0119 i kompozytora Marcina Wasielewskiego oraz basist\u0119 S\u0142awomira Kurkiewicza. Muzycy od wielu lat s\u0105 ambasadorami polskiej kultury na \u015bwiecie. Laureaci licznych nagr\u00f3d, zdobywcy najwi\u0119kszej liczby Fryderyk\u00f3w w kategorii [&hellip;]","og_url":"https:\/\/www.bilety24.pl\/blog\/25-lat-marcin-wasilewski-trio\/","og_site_name":"Blog bilety24","article_publisher":"https:\/\/www.facebook.com\/bilety24\/","article_author":"https:\/\/www.facebook.com\/bilety24\/","article_published_time":"2019-07-08T10:27:42+00:00","article_modified_time":"2019-07-08T10:28:36+00:00","og_image":[{"width":1319,"height":664,"url":"https:\/\/www.bilety24.pl\/blog\/wp-content\/uploads\/2019\/07\/25-Lat-MWT.jpg","type":"image\/jpeg"}],"author":"Bilety24","twitter_card":"summary_large_image","twitter_misc":{"Napisane przez":"Bilety24","Szacowany czas czytania":"2 minuty"},"schema":{"@context":"https:\/\/schema.org","@graph":[{"@type":"WebPage","@id":"https:\/\/www.bilety24.pl\/blog\/25-lat-marcin-wasilewski-trio\/","url":"https:\/\/www.bilety24.pl\/blog\/25-lat-marcin-wasilewski-trio\/","name":"25 lat Marcin Wasilewski Trio - Blog bilety24","isPartOf":{"@id":"https:\/\/www.bilety24.pl\/blog\/#website"},"primaryImageOfPage":{"@id":"https:\/\/www.bilety24.pl\/blog\/25-lat-marcin-wasilewski-trio\/#primaryimage"},"image":{"@id":"https:\/\/www.bilety24.pl\/blog\/25-lat-marcin-wasilewski-trio\/#primaryimage"},"thumbnailUrl":"https:\/\/www.bilety24.pl\/blog\/wp-content\/uploads\/2019\/07\/25-Lat-MWT.jpg","datePublished":"2019-07-08T10:27:42+00:00","dateModified":"2019-07-08T10:28:36+00:00","author":{"@id":"https:\/\/www.bilety24.pl\/blog\/#\/schema\/person\/7e329e2da8aeaa3d81eb768b6382742e"},"breadcrumb":{"@id":"https:\/\/www.bilety24.pl\/blog\/25-lat-marcin-wasilewski-trio\/#breadcrumb"},"inLanguage":"pl-PL","potentialAction":[{"@type":"ReadAction","target":["https:\/\/www.bilety24.pl\/blog\/25-lat-marcin-wasilewski-trio\/"]}]},{"@type":"ImageObject","inLanguage":"pl-PL","@id":"https:\/\/www.bilety24.pl\/blog\/25-lat-marcin-wasilewski-trio\/#primaryimage","url":"https:\/\/www.bilety24.pl\/blog\/wp-content\/uploads\/2019\/07\/25-Lat-MWT.jpg","contentUrl":"https:\/\/www.bilety24.pl\/blog\/wp-content\/uploads\/2019\/07\/25-Lat-MWT.jpg","width":1319,"height":664},{"@type":"BreadcrumbList","@id":"https:\/\/www.bilety24.pl\/blog\/25-lat-marcin-wasilewski-trio\/#breadcrumb","itemListElement":[{"@type":"ListItem","position":1,"name":"Strona g\u0142\u00f3wna","item":"https:\/\/www.bilety24.pl\/blog\/"},{"@type":"ListItem","position":2,"name":"25 lat Marcin Wasilewski Trio"}]},{"@type":"WebSite","@id":"https:\/\/www.bilety24.pl\/blog\/#website","url":"https:\/\/www.bilety24.pl\/blog\/","name":"Blog Bilety24","description":"Blog kulturalny","potentialAction":[{"@type":"SearchAction","target":{"@type":"EntryPoint","urlTemplate":"https:\/\/www.bilety24.pl\/blog\/?s={search_term_string}"},"query-input":{"@type":"PropertyValueSpecification","valueRequired":true,"valueName":"search_term_string"}}],"inLanguage":"pl-PL"},{"@type":"Person","@id":"https:\/\/www.bilety24.pl\/blog\/#\/schema\/person\/7e329e2da8aeaa3d81eb768b6382742e","name":"Bilety24","image":{"@type":"ImageObject","inLanguage":"pl-PL","@id":"https:\/\/www.bilety24.pl\/blog\/#\/schema\/person\/image\/","url":"https:\/\/secure.gravatar.com\/avatar\/8d3eaee9955bb1343637ec742a251e4a?s=96&d=mm&r=g","contentUrl":"https:\/\/secure.gravatar.com\/avatar\/8d3eaee9955bb1343637ec742a251e4a?s=96&d=mm&r=g","caption":"Bilety24"},"sameAs":["https:\/\/www.facebook.com\/bilety24\/","https:\/\/www.instagram.com\/_bilety24\/"],"url":"https:\/\/www.bilety24.pl\/blog\/author\/admin_bilety24\/"}]}},"_links":{"self":[{"href":"https:\/\/www.bilety24.pl\/blog\/wp-json\/wp\/v2\/posts\/4391","targetHints":{"allow":["GET"]}}],"collection":[{"href":"https:\/\/www.bilety24.pl\/blog\/wp-json\/wp\/v2\/posts"}],"about":[{"href":"https:\/\/www.bilety24.pl\/blog\/wp-json\/wp\/v2\/types\/post"}],"author":[{"embeddable":true,"href":"https:\/\/www.bilety24.pl\/blog\/wp-json\/wp\/v2\/users\/1"}],"replies":[{"embeddable":true,"href":"https:\/\/www.bilety24.pl\/blog\/wp-json\/wp\/v2\/comments?post=4391"}],"version-history":[{"count":2,"href":"https:\/\/www.bilety24.pl\/blog\/wp-json\/wp\/v2\/posts\/4391\/revisions"}],"predecessor-version":[{"id":4399,"href":"https:\/\/www.bilety24.pl\/blog\/wp-json\/wp\/v2\/posts\/4391\/revisions\/4399"}],"wp:featuredmedia":[{"embeddable":true,"href":"https:\/\/www.bilety24.pl\/blog\/wp-json\/wp\/v2\/media\/4398"}],"wp:attachment":[{"href":"https:\/\/www.bilety24.pl\/blog\/wp-json\/wp\/v2\/media?parent=4391"}],"wp:term":[{"taxonomy":"category","embeddable":true,"href":"https:\/\/www.bilety24.pl\/blog\/wp-json\/wp\/v2\/categories?post=4391"},{"taxonomy":"post_tag","embeddable":true,"href":"https:\/\/www.bilety24.pl\/blog\/wp-json\/wp\/v2\/tags?post=4391"}],"curies":[{"name":"wp","href":"https:\/\/api.w.org\/{rel}","templated":true}]}}