{"id":5028,"date":"2020-06-03T07:41:29","date_gmt":"2020-06-03T06:41:29","guid":{"rendered":"https:\/\/www.bilety24.pl\/blog\/?p=5028"},"modified":"2020-06-03T07:43:59","modified_gmt":"2020-06-03T06:43:59","slug":"teatr-im-ludwika-solskiego-wraca-do-prezentacji-swoich-przedstawien-juz-od-6-czerwca","status":"publish","type":"post","link":"https:\/\/www.bilety24.pl\/blog\/teatr-im-ludwika-solskiego-wraca-do-prezentacji-swoich-przedstawien-juz-od-6-czerwca\/","title":{"rendered":"Teatr im. Ludwika Solskiego wraca do prezentacji swoich przedstawie\u0144 ju\u017c od 6 czerwca"},"content":{"rendered":"\n<p><strong>Widzowie do ko\u0144ca miesi\u0105ca zobacz\u0105 dwie premiery oraz trzy inne spektakle. W planach te\u017c wyj\u0105tkowe wydarzenia: pokaz przedpremierowy o p\u00f3\u0142nocy z 5 na 6 czerwca oraz Marcin Hycnar na deskach Solskiego jako aktor w przedstawieniu \u201ePorachunki z katem\u201d.<\/strong><\/p>\n\n\n\n<p><em>Nie zasypiali\u015bmy gruszek w popiele w czasie kwarantanny. Wykorzystali\u015bmy ten czas, by teraz mie\u0107 now\u0105 propozycj\u0119 dla widz\u00f3w \u2013 m\u00f3wi Rafa\u0142 Balawejder, dyrektor teatru. Idealnie dopasowali\u015bmy si\u0119 z terminem nowej premiery, czyli \u201eJasia i Ma\u0142gosi\u201d. Liczymy, \u017ce znajdziemy tak\u017ce ch\u0119tnych na pokaz tego spektaklu o p\u00f3\u0142nocy \u2013 to mo\u017ce by\u0107 fajna przygoda dla starszych dzieci, ale te\u017c przecie\u017c dla doros\u0142ych, kt\u00f3rzy st\u0119sknili si\u0119 za teatrem jako elitarnym miejscem \u017cywego kontaktu: aktora z widzem.<\/em><br \/>Dwie przygotowane premiery to: \u201eJa\u015b i Ma\u0142gosia\u201d na Du\u017cej Scenie w re\u017cyserii Matyldy Baczy\u0144skiej oraz \u201eBracia Karamazow\u201d na Ma\u0142ej Scenie w re\u017cyserii Marty Streker. Widzowie spotkaj\u0105 si\u0119 z bohaterami bajki napisanej przez Monik\u0119 Went\u0119 (r\u00f3wnocze\u015bnie etatowej aktorki teatru) na pokazie przedpremierowym w dniu 6 czerwca o godzinie 0.00. Premiera tego samego dnia o godzinie 16.00. Wyj\u0105tkow\u0105 adaptacj\u0119 \u201eBraci Karamazow\u201d autorstwa Piotra Fronia premierowo widzowie zobacz\u0105 w pi\u0105tek 19 czerwca (spektakl b\u0119dzie grany od 18 do 21 czerwca).<br \/>Na czerwcowym repertuarze zobaczymy tak\u017ce \u201ePorachunki z katem\u201d, \u201eTango\u201d oraz \u201eKsi\u0119\u017cniczk\u0119 na opak wywr\u00f3con\u0105\u201d. W spektaklu \u201ePorachunki z katem\u201d Marcin Hycnar wyst\u0105pi w podw\u00f3jnej roli. Jest bowiem re\u017cyserem tego przedstawienia a z racji zmian obsadowych zagra tak\u017ce rol\u0119 Arthura.<\/p>\n\n\n\n<figure class=\"wp-block-image size-large\"><a href=\"https:\/\/www.bilety24.pl\/organizator\/teatr-im-ludwika-solskiego-w-tarnowie-1151.html\"><img loading=\"lazy\" decoding=\"async\" width=\"717\" height=\"1024\" src=\"https:\/\/www.bilety24.pl\/blog\/wp-content\/uploads\/2020\/06\/JAS_I_MALGOSIA_PLAKAT-717x1024.jpg\" alt=\"\" class=\"wp-image-5031\" srcset=\"https:\/\/www.bilety24.pl\/blog\/wp-content\/uploads\/2020\/06\/JAS_I_MALGOSIA_PLAKAT-717x1024.jpg 717w, https:\/\/www.bilety24.pl\/blog\/wp-content\/uploads\/2020\/06\/JAS_I_MALGOSIA_PLAKAT-262x374.jpg 262w, https:\/\/www.bilety24.pl\/blog\/wp-content\/uploads\/2020\/06\/JAS_I_MALGOSIA_PLAKAT-768x1097.jpg 768w, https:\/\/www.bilety24.pl\/blog\/wp-content\/uploads\/2020\/06\/JAS_I_MALGOSIA_PLAKAT-1075x1536.jpg 1075w, https:\/\/www.bilety24.pl\/blog\/wp-content\/uploads\/2020\/06\/JAS_I_MALGOSIA_PLAKAT-1433x2048.jpg 1433w, https:\/\/www.bilety24.pl\/blog\/wp-content\/uploads\/2020\/06\/JAS_I_MALGOSIA_PLAKAT.jpg 1792w\" sizes=\"auto, (max-width: 717px) 100vw, 717px\" \/><\/a><\/figure>\n\n\n\n<p><em>Na maj mieli\u015bmy zaplanowane po\u017cegnanie z tym tytu\u0142em. Troch\u0119 przesun\u0119\u0142o si\u0119 w czasie, ale my\u015bl\u0119 \u017ce warto by\u0142o poczeka\u0107 i przyj\u015b\u0107, by zobaczy\u0107 Marcina Hycnara na scenie i to \u015bwietne przedstawienie. B\u0119dzie to tak\u017ce okazja do podzi\u0119kowania Marcinowi za trzyletni\u0105 kadencj\u0119 jako dyrektorowi artystycznemu naszego teatru.<\/em><\/p>\n\n\n\n<h2 class=\"wp-block-heading\"><a href=\"https:\/\/www.bilety24.pl\/organizator\/teatr-im-ludwika-solskiego-w-tarnowie-1151.html\">BILETY<\/a> <\/h2>\n\n\n\n<p>14 czerwca poznamy tak\u017ce oficjalnie osob\u0119, kt\u00f3ra przez najbli\u017csze trzy lata b\u0119dzie pe\u0142ni\u0107 funkcj\u0119 dyrektora, a mo\u017ce dyrektorki artystycznej. Terminy prezentacji spektakli:<\/p>\n\n\n\n<p>\u201eJa\u015b i Ma\u0142gosia\u201d 6 i 7 czerwca<br \/>\u201ePorachunki z katem\u201d 11-14 czerwca<br \/>\u201eBracia Karamazow\u201d 18-21 czerwca<br \/>\u201eTango\u201d 18-21 czerwca<br \/>\u201eKsi\u0119\u017cniczka na opak wywr\u00f3cona\u201d 25-28 czerwca<\/p>\n<div class=\"fb-background-color\">\n\t\t\t  <div \n\t\t\t  \tclass = \"fb-comments\" \n\t\t\t  \tdata-href = \"https:\/\/www.bilety24.pl\/blog\/teatr-im-ludwika-solskiego-wraca-do-prezentacji-swoich-przedstawien-juz-od-6-czerwca\/\"\n\t\t\t  \tdata-numposts = \"10\"\n\t\t\t  \tdata-lazy = \"true\"\n\t\t\t\tdata-colorscheme = \"light\"\n\t\t\t\tdata-order-by = \"reverse_time\"\n\t\t\t\tdata-mobile=true>\n\t\t\t  <\/div><\/div>\n\t\t  <style>\n\t\t    .fb-background-color {\n\t\t\t\tbackground:  !important;\n\t\t\t}\n\t\t\t.fb_iframe_widget_fluid_desktop iframe {\n\t\t\t    width: 100% !important;\n\t\t\t}\n\t\t  <\/style>\n\t\t  ","protected":false},"excerpt":{"rendered":"<p>Widzowie do ko\u0144ca miesi\u0105ca zobacz\u0105 dwie premiery oraz trzy inne spektakle. W planach te\u017c wyj\u0105tkowe wydarzenia: pokaz przedpremierowy o p\u00f3\u0142nocy z 5 na 6 czerwca oraz Marcin Hycnar na deskach Solskiego jako aktor w przedstawieniu \u201ePorachunki z katem\u201d. Nie zasypiali\u015bmy gruszek w popiele w czasie kwarantanny. Wykorzystali\u015bmy ten czas, by teraz mie\u0107 now\u0105 propozycj\u0119 dla [&hellip;]<\/p>\n","protected":false},"author":1,"featured_media":5030,"comment_status":"closed","ping_status":"open","sticky":false,"template":"","format":"standard","meta":{"ngg_post_thumbnail":0,"footnotes":""},"categories":[1,5],"tags":[24,69],"class_list":["post-5028","post","type-post","status-publish","format-standard","has-post-thumbnail","hentry","category-aktualnosci","category-teatr","tag-teatr-2","tag-warszawa"],"yoast_head":"<!-- This site is optimized with the Yoast SEO plugin v25.3.1 - https:\/\/yoast.com\/wordpress\/plugins\/seo\/ -->\n<title>Teatr im. Ludwika Solskiego wraca do prezentacji swoich przedstawie\u0144 ju\u017c od 6 czerwca - Blog bilety24<\/title>\n<meta name=\"robots\" content=\"index, follow, max-snippet:-1, max-image-preview:large, max-video-preview:-1\" \/>\n<link rel=\"canonical\" href=\"https:\/\/www.bilety24.pl\/blog\/teatr-im-ludwika-solskiego-wraca-do-prezentacji-swoich-przedstawien-juz-od-6-czerwca\/\" \/>\n<meta property=\"og:locale\" content=\"pl_PL\" \/>\n<meta property=\"og:type\" content=\"article\" \/>\n<meta property=\"og:title\" content=\"Teatr im. Ludwika Solskiego wraca do prezentacji swoich przedstawie\u0144 ju\u017c od 6 czerwca - Blog bilety24\" \/>\n<meta property=\"og:description\" content=\"Widzowie do ko\u0144ca miesi\u0105ca zobacz\u0105 dwie premiery oraz trzy inne spektakle. W planach te\u017c wyj\u0105tkowe wydarzenia: pokaz przedpremierowy o p\u00f3\u0142nocy z 5 na 6 czerwca oraz Marcin Hycnar na deskach Solskiego jako aktor w przedstawieniu \u201ePorachunki z katem\u201d. Nie zasypiali\u015bmy gruszek w popiele w czasie kwarantanny. Wykorzystali\u015bmy ten czas, by teraz mie\u0107 now\u0105 propozycj\u0119 dla [&hellip;]\" \/>\n<meta property=\"og:url\" content=\"https:\/\/www.bilety24.pl\/blog\/teatr-im-ludwika-solskiego-wraca-do-prezentacji-swoich-przedstawien-juz-od-6-czerwca\/\" \/>\n<meta property=\"og:site_name\" content=\"Blog bilety24\" \/>\n<meta property=\"article:publisher\" content=\"https:\/\/www.facebook.com\/bilety24\/\" \/>\n<meta property=\"article:author\" content=\"https:\/\/www.facebook.com\/bilety24\/\" \/>\n<meta property=\"article:published_time\" content=\"2020-06-03T06:41:29+00:00\" \/>\n<meta property=\"article:modified_time\" content=\"2020-06-03T06:43:59+00:00\" \/>\n<meta property=\"og:image\" content=\"https:\/\/www.bilety24.pl\/blog\/wp-content\/uploads\/2020\/06\/BLOG-B24-Ja\u015b-i-Ma\u0142gosia-Teatr-im.-Ludwika-Solskiego.jpg\" \/>\n\t<meta property=\"og:image:width\" content=\"1314\" \/>\n\t<meta property=\"og:image:height\" content=\"686\" \/>\n\t<meta property=\"og:image:type\" content=\"image\/jpeg\" \/>\n<meta name=\"author\" content=\"Bilety24\" \/>\n<meta name=\"twitter:card\" content=\"summary_large_image\" \/>\n<meta name=\"twitter:label1\" content=\"Napisane przez\" \/>\n\t<meta name=\"twitter:data1\" content=\"Bilety24\" \/>\n\t<meta name=\"twitter:label2\" content=\"Szacowany czas czytania\" \/>\n\t<meta name=\"twitter:data2\" content=\"2 minuty\" \/>\n<script type=\"application\/ld+json\" class=\"yoast-schema-graph\">{\"@context\":\"https:\/\/schema.org\",\"@graph\":[{\"@type\":\"WebPage\",\"@id\":\"https:\/\/www.bilety24.pl\/blog\/teatr-im-ludwika-solskiego-wraca-do-prezentacji-swoich-przedstawien-juz-od-6-czerwca\/\",\"url\":\"https:\/\/www.bilety24.pl\/blog\/teatr-im-ludwika-solskiego-wraca-do-prezentacji-swoich-przedstawien-juz-od-6-czerwca\/\",\"name\":\"Teatr im. Ludwika Solskiego wraca do prezentacji swoich przedstawie\u0144 ju\u017c od 6 czerwca - Blog bilety24\",\"isPartOf\":{\"@id\":\"https:\/\/www.bilety24.pl\/blog\/#website\"},\"primaryImageOfPage\":{\"@id\":\"https:\/\/www.bilety24.pl\/blog\/teatr-im-ludwika-solskiego-wraca-do-prezentacji-swoich-przedstawien-juz-od-6-czerwca\/#primaryimage\"},\"image\":{\"@id\":\"https:\/\/www.bilety24.pl\/blog\/teatr-im-ludwika-solskiego-wraca-do-prezentacji-swoich-przedstawien-juz-od-6-czerwca\/#primaryimage\"},\"thumbnailUrl\":\"https:\/\/www.bilety24.pl\/blog\/wp-content\/uploads\/2020\/06\/BLOG-B24-Ja\u015b-i-Ma\u0142gosia-Teatr-im.-Ludwika-Solskiego.jpg\",\"datePublished\":\"2020-06-03T06:41:29+00:00\",\"dateModified\":\"2020-06-03T06:43:59+00:00\",\"author\":{\"@id\":\"https:\/\/www.bilety24.pl\/blog\/#\/schema\/person\/7e329e2da8aeaa3d81eb768b6382742e\"},\"breadcrumb\":{\"@id\":\"https:\/\/www.bilety24.pl\/blog\/teatr-im-ludwika-solskiego-wraca-do-prezentacji-swoich-przedstawien-juz-od-6-czerwca\/#breadcrumb\"},\"inLanguage\":\"pl-PL\",\"potentialAction\":[{\"@type\":\"ReadAction\",\"target\":[\"https:\/\/www.bilety24.pl\/blog\/teatr-im-ludwika-solskiego-wraca-do-prezentacji-swoich-przedstawien-juz-od-6-czerwca\/\"]}]},{\"@type\":\"ImageObject\",\"inLanguage\":\"pl-PL\",\"@id\":\"https:\/\/www.bilety24.pl\/blog\/teatr-im-ludwika-solskiego-wraca-do-prezentacji-swoich-przedstawien-juz-od-6-czerwca\/#primaryimage\",\"url\":\"https:\/\/www.bilety24.pl\/blog\/wp-content\/uploads\/2020\/06\/BLOG-B24-Ja\u015b-i-Ma\u0142gosia-Teatr-im.-Ludwika-Solskiego.jpg\",\"contentUrl\":\"https:\/\/www.bilety24.pl\/blog\/wp-content\/uploads\/2020\/06\/BLOG-B24-Ja\u015b-i-Ma\u0142gosia-Teatr-im.-Ludwika-Solskiego.jpg\",\"width\":1314,\"height\":686},{\"@type\":\"BreadcrumbList\",\"@id\":\"https:\/\/www.bilety24.pl\/blog\/teatr-im-ludwika-solskiego-wraca-do-prezentacji-swoich-przedstawien-juz-od-6-czerwca\/#breadcrumb\",\"itemListElement\":[{\"@type\":\"ListItem\",\"position\":1,\"name\":\"Strona g\u0142\u00f3wna\",\"item\":\"https:\/\/www.bilety24.pl\/blog\/\"},{\"@type\":\"ListItem\",\"position\":2,\"name\":\"Teatr im. Ludwika Solskiego wraca do prezentacji swoich przedstawie\u0144 ju\u017c od 6 czerwca\"}]},{\"@type\":\"WebSite\",\"@id\":\"https:\/\/www.bilety24.pl\/blog\/#website\",\"url\":\"https:\/\/www.bilety24.pl\/blog\/\",\"name\":\"Blog Bilety24\",\"description\":\"Blog kulturalny\",\"potentialAction\":[{\"@type\":\"SearchAction\",\"target\":{\"@type\":\"EntryPoint\",\"urlTemplate\":\"https:\/\/www.bilety24.pl\/blog\/?s={search_term_string}\"},\"query-input\":{\"@type\":\"PropertyValueSpecification\",\"valueRequired\":true,\"valueName\":\"search_term_string\"}}],\"inLanguage\":\"pl-PL\"},{\"@type\":\"Person\",\"@id\":\"https:\/\/www.bilety24.pl\/blog\/#\/schema\/person\/7e329e2da8aeaa3d81eb768b6382742e\",\"name\":\"Bilety24\",\"image\":{\"@type\":\"ImageObject\",\"inLanguage\":\"pl-PL\",\"@id\":\"https:\/\/www.bilety24.pl\/blog\/#\/schema\/person\/image\/\",\"url\":\"https:\/\/secure.gravatar.com\/avatar\/8d3eaee9955bb1343637ec742a251e4a?s=96&d=mm&r=g\",\"contentUrl\":\"https:\/\/secure.gravatar.com\/avatar\/8d3eaee9955bb1343637ec742a251e4a?s=96&d=mm&r=g\",\"caption\":\"Bilety24\"},\"sameAs\":[\"https:\/\/www.facebook.com\/bilety24\/\",\"https:\/\/www.instagram.com\/_bilety24\/\"],\"url\":\"https:\/\/www.bilety24.pl\/blog\/author\/admin_bilety24\/\"}]}<\/script>\n<!-- \/ Yoast SEO plugin. -->","yoast_head_json":{"title":"Teatr im. Ludwika Solskiego wraca do prezentacji swoich przedstawie\u0144 ju\u017c od 6 czerwca - Blog bilety24","robots":{"index":"index","follow":"follow","max-snippet":"max-snippet:-1","max-image-preview":"max-image-preview:large","max-video-preview":"max-video-preview:-1"},"canonical":"https:\/\/www.bilety24.pl\/blog\/teatr-im-ludwika-solskiego-wraca-do-prezentacji-swoich-przedstawien-juz-od-6-czerwca\/","og_locale":"pl_PL","og_type":"article","og_title":"Teatr im. Ludwika Solskiego wraca do prezentacji swoich przedstawie\u0144 ju\u017c od 6 czerwca - Blog bilety24","og_description":"Widzowie do ko\u0144ca miesi\u0105ca zobacz\u0105 dwie premiery oraz trzy inne spektakle. W planach te\u017c wyj\u0105tkowe wydarzenia: pokaz przedpremierowy o p\u00f3\u0142nocy z 5 na 6 czerwca oraz Marcin Hycnar na deskach Solskiego jako aktor w przedstawieniu \u201ePorachunki z katem\u201d. Nie zasypiali\u015bmy gruszek w popiele w czasie kwarantanny. Wykorzystali\u015bmy ten czas, by teraz mie\u0107 now\u0105 propozycj\u0119 dla [&hellip;]","og_url":"https:\/\/www.bilety24.pl\/blog\/teatr-im-ludwika-solskiego-wraca-do-prezentacji-swoich-przedstawien-juz-od-6-czerwca\/","og_site_name":"Blog bilety24","article_publisher":"https:\/\/www.facebook.com\/bilety24\/","article_author":"https:\/\/www.facebook.com\/bilety24\/","article_published_time":"2020-06-03T06:41:29+00:00","article_modified_time":"2020-06-03T06:43:59+00:00","og_image":[{"width":1314,"height":686,"url":"https:\/\/www.bilety24.pl\/blog\/wp-content\/uploads\/2020\/06\/BLOG-B24-Ja\u015b-i-Ma\u0142gosia-Teatr-im.-Ludwika-Solskiego.jpg","type":"image\/jpeg"}],"author":"Bilety24","twitter_card":"summary_large_image","twitter_misc":{"Napisane przez":"Bilety24","Szacowany czas czytania":"2 minuty"},"schema":{"@context":"https:\/\/schema.org","@graph":[{"@type":"WebPage","@id":"https:\/\/www.bilety24.pl\/blog\/teatr-im-ludwika-solskiego-wraca-do-prezentacji-swoich-przedstawien-juz-od-6-czerwca\/","url":"https:\/\/www.bilety24.pl\/blog\/teatr-im-ludwika-solskiego-wraca-do-prezentacji-swoich-przedstawien-juz-od-6-czerwca\/","name":"Teatr im. Ludwika Solskiego wraca do prezentacji swoich przedstawie\u0144 ju\u017c od 6 czerwca - Blog bilety24","isPartOf":{"@id":"https:\/\/www.bilety24.pl\/blog\/#website"},"primaryImageOfPage":{"@id":"https:\/\/www.bilety24.pl\/blog\/teatr-im-ludwika-solskiego-wraca-do-prezentacji-swoich-przedstawien-juz-od-6-czerwca\/#primaryimage"},"image":{"@id":"https:\/\/www.bilety24.pl\/blog\/teatr-im-ludwika-solskiego-wraca-do-prezentacji-swoich-przedstawien-juz-od-6-czerwca\/#primaryimage"},"thumbnailUrl":"https:\/\/www.bilety24.pl\/blog\/wp-content\/uploads\/2020\/06\/BLOG-B24-Ja\u015b-i-Ma\u0142gosia-Teatr-im.-Ludwika-Solskiego.jpg","datePublished":"2020-06-03T06:41:29+00:00","dateModified":"2020-06-03T06:43:59+00:00","author":{"@id":"https:\/\/www.bilety24.pl\/blog\/#\/schema\/person\/7e329e2da8aeaa3d81eb768b6382742e"},"breadcrumb":{"@id":"https:\/\/www.bilety24.pl\/blog\/teatr-im-ludwika-solskiego-wraca-do-prezentacji-swoich-przedstawien-juz-od-6-czerwca\/#breadcrumb"},"inLanguage":"pl-PL","potentialAction":[{"@type":"ReadAction","target":["https:\/\/www.bilety24.pl\/blog\/teatr-im-ludwika-solskiego-wraca-do-prezentacji-swoich-przedstawien-juz-od-6-czerwca\/"]}]},{"@type":"ImageObject","inLanguage":"pl-PL","@id":"https:\/\/www.bilety24.pl\/blog\/teatr-im-ludwika-solskiego-wraca-do-prezentacji-swoich-przedstawien-juz-od-6-czerwca\/#primaryimage","url":"https:\/\/www.bilety24.pl\/blog\/wp-content\/uploads\/2020\/06\/BLOG-B24-Ja\u015b-i-Ma\u0142gosia-Teatr-im.-Ludwika-Solskiego.jpg","contentUrl":"https:\/\/www.bilety24.pl\/blog\/wp-content\/uploads\/2020\/06\/BLOG-B24-Ja\u015b-i-Ma\u0142gosia-Teatr-im.-Ludwika-Solskiego.jpg","width":1314,"height":686},{"@type":"BreadcrumbList","@id":"https:\/\/www.bilety24.pl\/blog\/teatr-im-ludwika-solskiego-wraca-do-prezentacji-swoich-przedstawien-juz-od-6-czerwca\/#breadcrumb","itemListElement":[{"@type":"ListItem","position":1,"name":"Strona g\u0142\u00f3wna","item":"https:\/\/www.bilety24.pl\/blog\/"},{"@type":"ListItem","position":2,"name":"Teatr im. Ludwika Solskiego wraca do prezentacji swoich przedstawie\u0144 ju\u017c od 6 czerwca"}]},{"@type":"WebSite","@id":"https:\/\/www.bilety24.pl\/blog\/#website","url":"https:\/\/www.bilety24.pl\/blog\/","name":"Blog Bilety24","description":"Blog kulturalny","potentialAction":[{"@type":"SearchAction","target":{"@type":"EntryPoint","urlTemplate":"https:\/\/www.bilety24.pl\/blog\/?s={search_term_string}"},"query-input":{"@type":"PropertyValueSpecification","valueRequired":true,"valueName":"search_term_string"}}],"inLanguage":"pl-PL"},{"@type":"Person","@id":"https:\/\/www.bilety24.pl\/blog\/#\/schema\/person\/7e329e2da8aeaa3d81eb768b6382742e","name":"Bilety24","image":{"@type":"ImageObject","inLanguage":"pl-PL","@id":"https:\/\/www.bilety24.pl\/blog\/#\/schema\/person\/image\/","url":"https:\/\/secure.gravatar.com\/avatar\/8d3eaee9955bb1343637ec742a251e4a?s=96&d=mm&r=g","contentUrl":"https:\/\/secure.gravatar.com\/avatar\/8d3eaee9955bb1343637ec742a251e4a?s=96&d=mm&r=g","caption":"Bilety24"},"sameAs":["https:\/\/www.facebook.com\/bilety24\/","https:\/\/www.instagram.com\/_bilety24\/"],"url":"https:\/\/www.bilety24.pl\/blog\/author\/admin_bilety24\/"}]}},"_links":{"self":[{"href":"https:\/\/www.bilety24.pl\/blog\/wp-json\/wp\/v2\/posts\/5028","targetHints":{"allow":["GET"]}}],"collection":[{"href":"https:\/\/www.bilety24.pl\/blog\/wp-json\/wp\/v2\/posts"}],"about":[{"href":"https:\/\/www.bilety24.pl\/blog\/wp-json\/wp\/v2\/types\/post"}],"author":[{"embeddable":true,"href":"https:\/\/www.bilety24.pl\/blog\/wp-json\/wp\/v2\/users\/1"}],"replies":[{"embeddable":true,"href":"https:\/\/www.bilety24.pl\/blog\/wp-json\/wp\/v2\/comments?post=5028"}],"version-history":[{"count":4,"href":"https:\/\/www.bilety24.pl\/blog\/wp-json\/wp\/v2\/posts\/5028\/revisions"}],"predecessor-version":[{"id":5035,"href":"https:\/\/www.bilety24.pl\/blog\/wp-json\/wp\/v2\/posts\/5028\/revisions\/5035"}],"wp:featuredmedia":[{"embeddable":true,"href":"https:\/\/www.bilety24.pl\/blog\/wp-json\/wp\/v2\/media\/5030"}],"wp:attachment":[{"href":"https:\/\/www.bilety24.pl\/blog\/wp-json\/wp\/v2\/media?parent=5028"}],"wp:term":[{"taxonomy":"category","embeddable":true,"href":"https:\/\/www.bilety24.pl\/blog\/wp-json\/wp\/v2\/categories?post=5028"},{"taxonomy":"post_tag","embeddable":true,"href":"https:\/\/www.bilety24.pl\/blog\/wp-json\/wp\/v2\/tags?post=5028"}],"curies":[{"name":"wp","href":"https:\/\/api.w.org\/{rel}","templated":true}]}}