{"id":6642,"date":"2025-10-07T12:11:24","date_gmt":"2025-10-07T11:11:24","guid":{"rendered":"https:\/\/www.bilety24.pl\/blog\/?p=6642"},"modified":"2025-10-07T12:12:50","modified_gmt":"2025-10-07T11:12:50","slug":"soundedit-25-producenci-sie-licza-dzwiek-sie-liczy-to-jest-soundedit","status":"publish","type":"post","link":"https:\/\/www.bilety24.pl\/blog\/soundedit-25-producenci-sie-licza-dzwiek-sie-liczy-to-jest-soundedit\/","title":{"rendered":"SOUNDEDIT \u201925 &#8211; PRODUCENCI SI\u0118 LICZ\u0104, D\u0179WI\u0118K SI\u0118 LICZY. TO JEST SOUNDEDIT!"},"content":{"rendered":"\n<p>Tegoroczna edycja Mi\u0119dzynarodowego Festiwalu Producent\u00f3w Muzycznych Soundedit jest na\u0142adowana wyj\u0105tkowymi koncertami. W \u0142\u00f3dzkiej Wytw\u00f3rni wyst\u0105pi\u0105: Anja Huwe, czyli niegdy\u015b g\u0142os zespo\u0142u Xmal Deutschland oraz Gavin Friday, kt\u00f3ry powr\u00f3ci na Soundedit po trzynastu latach. Pojawi si\u0119 r\u00f3wnie\u017c \u0142\u00f3dzki artysta \u2013 Mechu. Nast\u0119pny dzie\u0144 to kultowe Fields of the Nephilim wraz The Chameleons i polskim 1984. Festiwalowa niedziela to: John Porter, przypominaj\u0105cy album \u201eHelicopters\u201d oraz SBB, kt\u00f3re udowodni, \u017ce muzyczne granice nie istniej\u0105. Soundedit odb\u0119dzie si\u0119 w \u0141odzi ju\u017c po raz 17. W dniach 17-21 pa\u017adziernika organizatorzy zapraszaj\u0105 na: warsztaty, prelekcje, spotkania, wystawy, koncerty. W niedziel\u0119 \u2013 19 pa\u017adziernika \u2013 odb\u0119dzie si\u0119 gala wr\u0119czenia nagrody Festiwalu Soundedit \u2013 statuetek \u201eCz\u0142owieka Ze Z\u0142otym Uchem\u201d. Program uzupe\u0142niaj\u0105 dwa dni bezp\u0142atnych warsztat\u00f3w \u2013 20 i 21 pa\u017adziernika.<\/p>\n\n\n\n<figure class=\"wp-block-image size-large\"><img loading=\"lazy\" decoding=\"async\" width=\"1024\" height=\"576\" src=\"https:\/\/www.bilety24.pl\/blog\/wp-content\/uploads\/2025\/10\/SE25_plansza1-1024x576.png\" alt=\"\" class=\"wp-image-6645\" srcset=\"https:\/\/www.bilety24.pl\/blog\/wp-content\/uploads\/2025\/10\/SE25_plansza1-1024x576.png 1024w, https:\/\/www.bilety24.pl\/blog\/wp-content\/uploads\/2025\/10\/SE25_plansza1-374x211.png 374w, https:\/\/www.bilety24.pl\/blog\/wp-content\/uploads\/2025\/10\/SE25_plansza1-768x432.png 768w, https:\/\/www.bilety24.pl\/blog\/wp-content\/uploads\/2025\/10\/SE25_plansza1-990x556.png 990w, https:\/\/www.bilety24.pl\/blog\/wp-content\/uploads\/2025\/10\/SE25_plansza1-1320x742.png 1320w, https:\/\/www.bilety24.pl\/blog\/wp-content\/uploads\/2025\/10\/SE25_plansza1-470x264.png 470w, https:\/\/www.bilety24.pl\/blog\/wp-content\/uploads\/2025\/10\/SE25_plansza1-640x360.png 640w, https:\/\/www.bilety24.pl\/blog\/wp-content\/uploads\/2025\/10\/SE25_plansza1-215x120.png 215w, https:\/\/www.bilety24.pl\/blog\/wp-content\/uploads\/2025\/10\/SE25_plansza1-300x168.png 300w, https:\/\/www.bilety24.pl\/blog\/wp-content\/uploads\/2025\/10\/SE25_plansza1-414x232.png 414w, https:\/\/www.bilety24.pl\/blog\/wp-content\/uploads\/2025\/10\/SE25_plansza1.png 1400w\" sizes=\"auto, (max-width: 1024px) 100vw, 1024px\" \/><\/figure>\n\n\n\n<p>&#8211; W pa\u017adzierniku w \u0141odzi spotykaj\u0105 si\u0119 ludzie, kt\u00f3rzy kochaj\u0105 muzyk\u0119, nie tylko by jej s\u0142ucha\u0107, ale i tworzy\u0107. Od 17 lat Soundedit gromadzi tych, kt\u00f3rzy wiedz\u0105, \u017ce za ka\u017cd\u0105 wielk\u0105 p\u0142yt\u0105 stoi \u201eCz\u0142owiek Ze Z\u0142otym Uchem\u201d. Tym razem wracaj\u0105 do nas wielkie nazwiska: Gavin Friday za\u015bpiewa materia\u0142 z najnowszej p\u0142yty, Fields of the Nephilim wyjd\u0105 na scen\u0119 po trzyletniej przerwie, a The Chameleons wyst\u0105pi\u0105 w Polsce po raz pierwszy. Pomimo zimnego pa\u017adziernika w Wytw\u00f3rni b\u0119dzie gor\u0105co \u2013 pe\u0142ne pasji, kuluarowe rozmowy, wsp\u00f3lne s\u0142uchanie muzyki nagrywanej przez wsp\u00f3\u0142pracownik\u00f3w z The Beatles, Pink Floyd czy U2.<\/p>\n\n\n\n<p>Gdy sko\u0144cz\u0105 si\u0119 koncerty, rozpoczn\u0105 si\u0119 warsztaty. Polscy i zagraniczni mistrzowie poka\u017c\u0105, jak naprawd\u0119 powstaje d\u017awi\u0119k. To nie jest zwyk\u0142y festiwal \u2013 to spotkanie przyjaci\u00f3\u0142, kt\u00f3rzy raz w roku chc\u0105 razem celebrowa\u0107 to, co w muzyce najwa\u017cniejsze. Przyjd\u017acie, bo razem jeste\u015bmy muzyk\u0105. \u2013 m\u00f3wi Maciej Werk, dyrektor Festiwalu Soundedit<\/p>\n\n\n\n<h4 class=\"wp-block-heading\"><strong>PI\u0104TEK (17.10), CZYLI WIELKI PI\u0104TEK W PA\u0179DZIERNIKU<\/strong><strong><\/strong><\/h4>\n\n\n\n<p><strong>Mechu <\/strong>to \u0142\u00f3dzki gitarzysta, multiinstrumentalista, wokalista, kompozytor oraz autor tekst\u00f3w. Aktywny na polskiej scenie alternatywnej od lat 80. Nagrywa\u0142 dla Krystyny Gi\u017cowskiej, wsp\u00f3\u0142pracowa\u0142 z Ziemowitem Kosmowskim i re\u017cyserem Wojciechem Smarzowskim. Mechu by\u0142 gitarzyst\u0105 i drugim wokalist\u0105 w zespo\u0142ach Jezabell Jazz i Blitzkrieg. By\u0142 g\u0142\u00f3wnym wokalist\u0105 i gitarzyst\u0105 zespo\u0142u Jezabel Jazz, kt\u00f3rych by\u0142 r\u00f3wnie\u017c za\u0142o\u017cycielem. Gra\u0142 w zespole Closterkeller, by\u0142 r\u00f3wnie\u017c gitarzyst\u0105 i basist\u0105 w zespole Moskwa. Wsp\u00f3\u0142pracowa\u0142 r\u00f3wnie\u017c jako gitarzysta i muzyk sesyjny z Hedone. W 2025 roku nagra\u0142 pierwsz\u0105 solow\u0105 p\u0142yt\u0119 pt.: \u201eMECHU 001\u201d.<\/p>\n\n\n\n<p><strong>Anja Huwe<\/strong> jest ikoniczn\u0105 wokalistk\u0105 kojarzon\u0105 przede wszystkim z prekursorami ruchu postpunkowego \u2013 zespo\u0142em Xmal Deutschland. Po sukcesie, jaki odnios\u0142a grupa, dzi\u0119ki czterem albumom (\u201eFetisch\u201d, \u201eTocsin\u201d, \u201eViva\u201d, \u201eDevils\u201d), Anja kontynuowa\u0142a karier\u0119 artystyczn\u0105, odnajduj\u0105c si\u0119 w sztukach wizualnych. Inspiracj\u0105 dla jej kreacji wci\u0105\u017c jednak by\u0142a pasja do muzyki. Huwe, w atmosferze sensacji, powr\u00f3ci\u0142a na mi\u0119dzynarodow\u0105 scen\u0119 muzyczn\u0105 na pocz\u0105tku 2024 r. Ukaza\u0142 si\u0119 wtedy jej solowy album \u201eCodes\u201d oraz ekskluzywne reedycje wczesnych dokona\u0144 Xmal Deutschland. Anja, swoj\u0105 p\u0142yt\u0119 napisa\u0142a i wyprodukowa\u0142a wsp\u00f3lnie z kole\u017cank\u0105 z lat 80. &#8211; Mon\u0105 Mur. Ich utwory zawieraj\u0105 charakterystyczne, elektroniczne brzmienia Mur, a tak\u017ce unikalny styl gitarzystki Xmal Deutschland &#8211; Manueli Rickers.<\/p>\n\n\n\n<div style=\"height:45px\" aria-hidden=\"true\" class=\"wp-block-spacer\"><\/div>\n\n\n\n<div class=\"wp-block-buttons is-content-justification-center is-layout-flex wp-container-core-buttons-is-layout-1 wp-block-buttons-is-layout-flex\">\n<div class=\"wp-block-button\"><a class=\"wp-block-button__link wp-element-button\" href=\"https:\/\/www.bilety24.pl\/szukaj?search=soundedit&amp;submit=\">Bilety i karnety<\/a><\/div>\n<\/div>\n\n\n\n<div style=\"height:45px\" aria-hidden=\"true\" class=\"wp-block-spacer\"><\/div>\n\n\n\n<p><strong>Gavin Friday<\/strong> by\u0142 ju\u017c na Festiwalu Soundedit. Jego koncert z 2012 roku wielu fan\u00f3w wspomina jako co\u015b niepowtarzalnego, unikatowego i wr\u0119cz zbli\u017conego do mistycznych dozna\u0144. Nie da si\u0119 ukry\u0107, magnetyczna intensywno\u015b\u0107 wyst\u0119pu nie pozwala\u0142a pozosta\u0107 oboj\u0119tnym. Obecnie, maj\u0105cy ju\u017c ponad sze\u015b\u0107dziesi\u0105t lat artysta, zacz\u0105\u0142 kwestionowa\u0107 wiele swoich \u017cyciowych wybor\u00f3w, a efektem przemy\u015ble\u0144 jest album \u201eEcce Homo\u201d (2024 r.). To pierwsza p\u0142yta, jak\u0105 Friday nagra\u0142 po trzynastu latach przerwy.<\/p>\n\n\n\n<p>Muzyka na \u201eEcce Homo\u201d nap\u0119dzana jest naprzemiennie grzmi\u0105c\u0105 elektronik\u0105, kt\u00f3ra przypomina moc Virgin Prunes (zesp\u00f3\u0142 Gavina) i wykwintn\u0105 akustyk\u0105, kt\u00f3ra odzwierciedla pi\u0119kno jego solowej tw\u00f3rczo\u015bci i \u015bcie\u017cek d\u017awi\u0119kowych. \u201eEcce Homo\u201d w zamy\u015ble artysty ma by\u0107 ekstatycznym, nieograniczonym wyrazem gniewu i niezale\u017cno\u015bci, odci\u0119cia si\u0119 od stereotyp\u00f3w, a jednocze\u015bnie przyznania, \u017ce cz\u0119sto nasze najtrudniejsze bitwy s\u0105 naszymi do\u015bwiadczeniami zbiorowymi. S\u0105 tu piosenki mi\u0142osne i piosenki traktuj\u0105ce o wewn\u0119trznych zmaganiach, refleksje nad strat\u0105, nostalgiczne marzenia, hymny solidarno\u015bci i piosenki o pot\u0119pieniu w\u0142adc\u00f3w.<\/p>\n\n\n\n<p><strong>Budgie<\/strong> to muzyk, aran\u017cer i producent muzyczny. By\u0142 cz\u0142onkiem zespo\u0142\u00f3w: Big in Japan, The Slits, Siouxsie and The Banshees oraz The Creatures. Pisano o nim, \u017ce by\u0142: \u201ejednym z perkusist\u00f3w definiuj\u0105cych silnie zmitologizowan\u0105 scen\u0119 postpunkow\u0105 ko\u0144ca lat 70. i pocz\u0105tku lat 80.\u201d Podczas 17. edycji Mi\u0119dzynarodowego Festiwalu Producent\u00f3w Muzycznych Soundedit artysta otrzyma nagrod\u0119 Festiwalu, statuetk\u0119 \u201eCz\u0142owieka Ze Z\u0142otym Uchem\u201d w uznaniu za \u201eszczeg\u00f3ln\u0105 wra\u017cliwo\u015b\u0107 muzyczn\u0105\u201d. Program tego dnia uzupe\u0142ni w\u0142a\u015bnie niezwyk\u0142e spotkanie: rozmowa Gavin\u2019a Fridaya z Budgiem.<\/p>\n\n\n\n<figure class=\"wp-block-image size-large\"><img loading=\"lazy\" decoding=\"async\" width=\"1024\" height=\"683\" src=\"https:\/\/www.bilety24.pl\/blog\/wp-content\/uploads\/2025\/10\/SE25_statuetki-1024x683.jpg\" alt=\"\" class=\"wp-image-6646\" srcset=\"https:\/\/www.bilety24.pl\/blog\/wp-content\/uploads\/2025\/10\/SE25_statuetki-1024x683.jpg 1024w, https:\/\/www.bilety24.pl\/blog\/wp-content\/uploads\/2025\/10\/SE25_statuetki-374x249.jpg 374w, https:\/\/www.bilety24.pl\/blog\/wp-content\/uploads\/2025\/10\/SE25_statuetki-768x512.jpg 768w, https:\/\/www.bilety24.pl\/blog\/wp-content\/uploads\/2025\/10\/SE25_statuetki-470x313.jpg 470w, https:\/\/www.bilety24.pl\/blog\/wp-content\/uploads\/2025\/10\/SE25_statuetki-640x426.jpg 640w, https:\/\/www.bilety24.pl\/blog\/wp-content\/uploads\/2025\/10\/SE25_statuetki-130x86.jpg 130w, https:\/\/www.bilety24.pl\/blog\/wp-content\/uploads\/2025\/10\/SE25_statuetki-187x124.jpg 187w, https:\/\/www.bilety24.pl\/blog\/wp-content\/uploads\/2025\/10\/SE25_statuetki-300x200.jpg 300w, https:\/\/www.bilety24.pl\/blog\/wp-content\/uploads\/2025\/10\/SE25_statuetki-414x276.jpg 414w, https:\/\/www.bilety24.pl\/blog\/wp-content\/uploads\/2025\/10\/SE25_statuetki.jpg 1200w\" sizes=\"auto, (max-width: 1024px) 100vw, 1024px\" \/><\/figure>\n\n\n\n<p><br \/><strong>SOBOTA (18.10), CZYLI CH\u0141\u00d3D SOBOTNIEJ NOCY<\/strong><\/p>\n\n\n\n<p><strong>Fields of The Nephilim<\/strong> &#8211; zesp\u00f3\u0142, kt\u00f3rego nazwa jest odniesieniem do biblijnej rasy anielsko-ludzkich hybryd, musi by\u0107 tajemniczy, mroczny i nieodgadniony. Taka jest w\u0142a\u015bnie muzyka Fields Of The Nephilim. Okre\u015bla si\u0119 j\u0105 jako \u201erock gotycki\u201d, jednak ta definicja to o wiele za ma\u0142o. Grupa do dzi\u015b jest inspiracj\u0105 dla wielu innych zespo\u0142\u00f3w, w tym graj\u0105cych tak ekstremalnie jak Behemoth czy Kreator.<\/p>\n\n\n\n<p>Grupa za\u0142o\u017cona w 1984 (sic!) roku w angielskim Stevenage przez: Carla McCoya, Gary\u2019ego Whiskera, Tony\u2019ego Pettitta, Paula Wrighta oraz Noda Wrighta. Do artyst\u00f3w do\u0142\u0105czy\u0142 Peter Yates, z kt\u00f3rym nagrano pierwszy album zatytu\u0142owany \u201eDawnrazor\u201d (1987 r.). Fields of The Nephilim nie nagrywa p\u0142yt co roku. Przeciwnie, nagrywa je rzadko i mo\u017ce dlatego s\u0105 to albumy tak dobre, dopracowane i pe\u0142ne uwodzicielskiego mroku. \u201eThe Nephilim\u201d (1988 r.), \u201eElizium\u201d (1990 r.), czy te\u017c nagrany po 15-letnim milczeniu \u201eMourning Sun\u201d (2005 r.) uchodz\u0105 za klasyk\u0119 gatunku. Pierwsze nagrania Fields of the Nephilim zawieraj\u0105 wiele element\u00f3w hard rocka, heavy metalu i rocka psychodelicznego. Muzycy jednak wci\u0105\u017c eksperymentuj\u0105, poszukuj\u0105 nowych brzmie\u0144 i rozwi\u0105za\u0144. Inspiracj\u0105 do tekst\u00f3w jest magia chaosu, proza H.P. Lovecrafta, sumeryjskie wierzenia oraz tw\u00f3rczo\u015b\u0107 okultysty A. Crowleya.<\/p>\n\n\n\n<p><strong>The Chameleons<\/strong> &#8211; John Peel, legendarny prezenter radiowy BBC, odkry\u0142 t\u0119 grup\u0119 dla muzycznego \u015bwiata. Wyj\u0105tkowe brzmienie szybko oczarowa\u0142o publiczno\u015b\u0107. Kompozycje pe\u0142ne melancholijnych, energicznych i pot\u0119\u017cnych melodii, hipnotyczno-eterycznych riff\u00f3w i ponadczasowej liryki zdoby\u0142y serca s\u0142uchaczy oraz uznanie krytyk\u00f3w. The Chameleons jest uwa\u017cany za jeden z najbardziej wp\u0142ywowych zespo\u0142\u00f3w sceny postpunkowej lat 80. i 90.<\/p>\n\n\n\n<p><a>Mimo doskonale przyj\u0119tych album\u00f3w zesp\u00f3\u0142 jest uznawany za jeden z najbardziej niedocenianych, jakie kiedykolwiek powsta\u0142y. Cho\u0107 muzyka The Chameleons wyprzedzi\u0142a swoje czasy, grupa nigdy nie odnios\u0142a sukcesu komercyjnego.<\/a><\/p>\n\n\n\n<p>W 2021 r. zesp\u00f3\u0142 zn\u00f3w wyruszy\u0142 w tras\u0119 i dzieli\u0142 scen\u0119 z m.in.: U2, Killing Joke, Bauhaus, Simple Minds, Talk Talk, The Cure, bo The Chameleons to przede wszystkim zesp\u00f3\u0142 graj\u0105cy na \u017cywo. Premiera ich nowego albumu &#8211; \u201eArctic Moon\u201d &#8211; odby\u0142a si\u0119 12 wrze\u015bnia. P\u0142yta stanowi odej\u015bcie od wcze\u015bniejszego brzmienia zespo\u0142u. Zachowuje jednak t\u0119 sam\u0105 emocjonaln\u0105 g\u0142\u0119bi\u0119, ducha i intensywno\u015b\u0107, kt\u00f3ra zawsze definiowa\u0142a ich tw\u00f3rczo\u015b\u0107.<\/p>\n\n\n\n<p><strong>1984 <\/strong>&#8211; formacja, kt\u00f3ra w przysz\u0142ym roku obchodzi\u0107 b\u0119dzie 40-lecie istnienia, to w zasadzie autorski projekt Piotra \u201eMizernego\u201d Liszcza. Przez kolejne cztery dekady Liszcz dobiera\u0142 i wymienia\u0142 kolejne konfiguracje muzyk\u00f3w, co jest jednym z sekret\u00f3w \u017cywotno\u015bci zespo\u0142u. Ca\u0142y repertuar, tak je\u015bli chodzi o muzyk\u0119, teksty oraz wizj\u0119 brzmieniow\u0105 to dzie\u0142o Liszcza.<\/p>\n\n\n\n<p>Zesp\u00f3\u0142 1984 zadebiutowa\u0142 w Rzeszowie w 1985 r. podczas przegl\u0105du \u201eRock Plus\u201d, gdzie otrzyma\u0142 wyr\u00f3\u017cnienie, z inicjatywy zachwyconego nowatorskim podej\u015bciem grupy Tomasza Beksi\u0144skiego. 1984 zaprezentowali w\u00f3wczas pionierskie na lokalnym gruncie nowofalowe brzmienie, kt\u00f3re zainspirowa\u0142o ewolucj\u0119 ca\u0142ej plejady g\u0142o\u015bnych wkr\u00f3tce rzeszowskich zespo\u0142\u00f3w: One Million Bulgarians, Aurora, No Smoking.<\/p>\n\n\n\n<p>W latach 1986 \u2013 1988 zespo\u0142y te by\u0142y owacyjnie przyjmowane na kolejnych festiwalach w Jarocinie, grane w Tr\u00f3jce i Rozg\u0142o\u015bni Harcerskiej. Nie wszystkie jednak przetrwa\u0142y trudny dla muzyki alternatywnej okres transformacji ustrojowej. Tylko 1984 jest zespo\u0142em, kt\u00f3ry regularnie koncertuje i wydaje p\u0142yty.<\/p>\n\n\n\n<h4 class=\"wp-block-heading\"><strong>NIEDZIELA (19.10), CZYLI IN GAD WE TRUST<\/strong><strong><\/strong><\/h4>\n\n\n\n<p>Festiwalowa niedziela po\u015bwi\u0119cona b\u0119dzie GAD Records, kultowemu wydawnictwu od kultowych nagra\u0144, kt\u00f3re od dekady wsp\u00f3\u0142pracuje z Festiwalem Soundedit. W klubie Wytw\u00f3rnia pojawi si\u0119 tego dnia wielu artyst\u00f3w zwi\u0105zanych z GAD. Przyjazd zapowiedzieli: Henryk Ku\u017aniak, Krzysztof Duda, Maciej Januszko, Miko\u0142aj Hertel, Ziemek Kosmowski, Waldemar Parzy\u0144ski z Novi Singers, a tak\u017ce muzycy zespo\u0142\u00f3w: Exodus, Omni czy Electronic Division. B\u0119dzie mo\u017cna z nimi porozmawia\u0107, zdoby\u0107 autografy czy zrobi\u0107 pami\u0105tkowe zdj\u0119cia. Lista go\u015bci nie jest jeszcze zamkni\u0119ta. B\u0119dzie te\u017c specjalne stoisko GAD, na kt\u00f3rym b\u0119dzie mo\u017cna zdoby\u0107 wiele unikatowych tytu\u0142\u00f3w oraz kilka przedpremierowych wydawnictw.<\/p>\n\n\n\n<p>\u201eHelicopters\u201d (1980 r.) to pierwsza p\u0142yta zespo\u0142u <strong>Johna Portera.<\/strong> Zarazem to jeden z tych album\u00f3w, kt\u00f3ry do dzi\u015b jest uwa\u017cany za jeden z najwa\u017cniejszych dla historii polskiego rocka lat 80. oraz historii polskiego rocka w og\u00f3le. Album Porter Band\u2019u nagrano w Studio Polskiego Radia w Opolu w 1979 r. Angloj\u0119zyczny kr\u0105\u017cek b\u0142yskawicznie zyska\u0142 status Z\u0142otej P\u0142yty. Tak wytrawnego, energetycznego i pe\u0142nego rockowej pasji debiutu wcze\u015bniej w Polsce nie by\u0142o. Mimo, \u017ce min\u0119\u0142o 45 lat od wydania p\u0142yty, do dzi\u015b jest ona s\u0142uchana, prezentowana w stacjach radiowych i wznawiana.<\/p>\n\n\n\n<p><strong>SBB <\/strong>&#8211; zesp\u00f3\u0142 pojawi si\u0119 na Festiwalu Soundedit w sk\u0142adzie: J\u00f3zef Skrzek \u2013 \u015bpiew, instrumenty klawiszowe, gitara basowa, harmonijka ustna, Apostolis Anthimos \u2013 gitara, perkusja, Gabor Nemeth \u2013 perkusja. Koncert podczas Soundedit b\u0119dzie jedynym polskim koncertem w tym sk\u0142adzie w 2025 roku. SBB to polskie trio, kt\u00f3re w w latach 70. by\u0142o jednym z najbardziej rozchwytywanych zespo\u0142\u00f3w w Europie \u015arodkowej. Dzielili scen\u0119, z takimi legendami jak: Mahavishnu Orchestra, Bob Marley, Soft Machine czy Colosseum II. Nagrywali p\u0142yty w Niemczech, Polsce i Czechos\u0142owacji. SBB by\u0142o i jest nadal jednym z najwa\u017cniejszych przedstawicieli rocka progresywnego w Europie.<\/p>\n\n\n\n<p><strong>W tym roku statuetki \u201eCz\u0142owieka Ze Z\u0142otym Uchem\u201d w uznaniu za wk\u0142ad, jaki wnie\u015bli do rozwoju produkcji muzycznej otrzymaj\u0105: Budgie, Dave Harries, Henryk Ku\u017aniak oraz firma PSP Audioware.<\/strong><\/p>\n\n\n\n<p>W niedziel\u0119 (19.X) o godz. 12 w siedzibie \u0141\u00f3dzkiego Towarzystwa Fotograficznego (Piotrkowska 102) stawi\u0105 si\u0119 zapewne licznie fani SBB. Odb\u0119dzie si\u0119 wernisa\u017c (z udzia\u0142em zespo\u0142u) unikatowej wystawy. Zenon Keller i Zygmunt Dru\u017cbicki w latach 70. Mieli okazj\u0119 podgl\u0105da\u0107 aparatem fotograficznym dzia\u0142alno\u015b\u0107 SBB w niezwykle szerokim spektrum: nie ograniczali si\u0119 do dokumentowania tego, co na scenie, ch\u0119tnie zagl\u0105daj\u0105c tak\u017ce za kulisy. Pokazywali zesp\u00f3\u0142 w czasie podr\u00f3\u017cy, na pr\u00f3bach czy w studiu nagraniowym. Na dziesi\u0105tkach klisz uj\u0119li niepowtarzalny klimat, kt\u00f3ry towarzyszy\u0142 intensywnej pracy tria.<\/p>\n\n\n\n<p>Od samego pocz\u0105tku swojego istnienia, Festiwal Soundedit jest miejscem, w kt\u00f3rym najwi\u0119ksi krajowi i \u015bwiatowi producenci muzyczni, realizatorzy d\u017awi\u0119ku oraz arty\u015bci dziel\u0105 si\u0119 swoim do\u015bwiadczeniem. Podczas&nbsp; 17. edycji Festiwalu organizatorzy zadbali, by program warsztat\u00f3w, prezentacji oraz wyk\u0142ad\u00f3w, by\u0142 jeszcze ciekawszy i obszerniejszy ni\u017c w latach ubieg\u0142ych. Razem z Centrum Rozwoju Przemys\u0142\u00f3w Kreatywnych i naszymi partnerami technologicznymi zapraszamy do \u0141odzi na niezwykle bogat\u0105, trzydniow\u0105 cz\u0119\u015b\u0107 edukacyjn\u0105. Odb\u0119dzie si\u0119 ona w dniach 19,20 i 21 pa\u017adziernika ponownie w salach \u0142\u00f3dzkiego Hotelu DoubleTree by Hilton i klubu Wytw\u00f3rnia.<\/p>\n\n\n\n<p>Co wa\u017cne, wszystkie spotkania, warsztaty i panele s\u0105 bezp\u0142atne. Obowi\u0105zuj\u0105 jednak zg\u0142oszenia, a ilo\u015b\u0107 miejsc jest ograniczona. Formularz akredytacyjny, regulamin i pe\u0142ny program: <a href=\"https:\/\/soundedit.pl\/warsztaty25\/?fbclid=IwY2xjawM9I1pleHRuA2FlbQIxMABicmlkETFzOTk0WFZ6TjFVWkxRaXpqAR5vrH3KyA6x4KQiQRPks9BzM_JFaVKJB9o5ryRNArC-KtwyIQJk1aCcbG87Ew_aem_aRmTXg4xIs8WfveCunWW_Q\">Szkolenia i Warsztaty \u2013 Soundedit. Mi\u0119dzynarodowy Festiwal Producent\u00f3w Muzycznych<\/a><\/p>\n<div class=\"fb-background-color\">\n\t\t\t  <div \n\t\t\t  \tclass = \"fb-comments\" \n\t\t\t  \tdata-href = \"https:\/\/www.bilety24.pl\/blog\/soundedit-25-producenci-sie-licza-dzwiek-sie-liczy-to-jest-soundedit\/\"\n\t\t\t  \tdata-numposts = \"10\"\n\t\t\t  \tdata-lazy = \"true\"\n\t\t\t\tdata-colorscheme = \"light\"\n\t\t\t\tdata-order-by = \"reverse_time\"\n\t\t\t\tdata-mobile=true>\n\t\t\t  <\/div><\/div>\n\t\t  <style>\n\t\t    .fb-background-color {\n\t\t\t\tbackground:  !important;\n\t\t\t}\n\t\t\t.fb_iframe_widget_fluid_desktop iframe {\n\t\t\t    width: 100% !important;\n\t\t\t}\n\t\t  <\/style>\n\t\t  ","protected":false},"excerpt":{"rendered":"<p>Tegoroczna edycja Mi\u0119dzynarodowego Festiwalu Producent\u00f3w Muzycznych Soundedit jest na\u0142adowana wyj\u0105tkowymi koncertami. W \u0142\u00f3dzkiej Wytw\u00f3rni wyst\u0105pi\u0105: Anja Huwe, czyli niegdy\u015b g\u0142os zespo\u0142u Xmal Deutschland oraz Gavin Friday, kt\u00f3ry powr\u00f3ci na Soundedit po trzynastu latach. Pojawi si\u0119 r\u00f3wnie\u017c \u0142\u00f3dzki artysta \u2013 Mechu. Nast\u0119pny dzie\u0144 to kultowe Fields of the Nephilim wraz The Chameleons i polskim 1984. Festiwalowa [&hellip;]<\/p>\n","protected":false},"author":1,"featured_media":6644,"comment_status":"closed","ping_status":"open","sticky":false,"template":"","format":"standard","meta":{"ngg_post_thumbnail":0,"footnotes":""},"categories":[1],"tags":[48,265,104,338],"class_list":["post-6642","post","type-post","status-publish","format-standard","has-post-thumbnail","hentry","category-aktualnosci","tag-bilety24","tag-koncert","tag-lodz","tag-soundedit"],"yoast_head":"<!-- This site is optimized with the Yoast SEO plugin v25.3.1 - https:\/\/yoast.com\/wordpress\/plugins\/seo\/ -->\n<title>SOUNDEDIT \u201925 - PRODUCENCI SI\u0118 LICZ\u0104, D\u0179WI\u0118K SI\u0118 LICZY. TO JEST SOUNDEDIT! - Blog bilety24<\/title>\n<meta name=\"robots\" content=\"index, follow, max-snippet:-1, max-image-preview:large, max-video-preview:-1\" \/>\n<link rel=\"canonical\" href=\"https:\/\/www.bilety24.pl\/blog\/soundedit-25-producenci-sie-licza-dzwiek-sie-liczy-to-jest-soundedit\/\" \/>\n<meta property=\"og:locale\" content=\"pl_PL\" \/>\n<meta property=\"og:type\" content=\"article\" \/>\n<meta property=\"og:title\" content=\"SOUNDEDIT \u201925 - PRODUCENCI SI\u0118 LICZ\u0104, D\u0179WI\u0118K SI\u0118 LICZY. TO JEST SOUNDEDIT! - Blog bilety24\" \/>\n<meta property=\"og:description\" content=\"Tegoroczna edycja Mi\u0119dzynarodowego Festiwalu Producent\u00f3w Muzycznych Soundedit jest na\u0142adowana wyj\u0105tkowymi koncertami. W \u0142\u00f3dzkiej Wytw\u00f3rni wyst\u0105pi\u0105: Anja Huwe, czyli niegdy\u015b g\u0142os zespo\u0142u Xmal Deutschland oraz Gavin Friday, kt\u00f3ry powr\u00f3ci na Soundedit po trzynastu latach. Pojawi si\u0119 r\u00f3wnie\u017c \u0142\u00f3dzki artysta \u2013 Mechu. Nast\u0119pny dzie\u0144 to kultowe Fields of the Nephilim wraz The Chameleons i polskim 1984. Festiwalowa [&hellip;]\" \/>\n<meta property=\"og:url\" content=\"https:\/\/www.bilety24.pl\/blog\/soundedit-25-producenci-sie-licza-dzwiek-sie-liczy-to-jest-soundedit\/\" \/>\n<meta property=\"og:site_name\" content=\"Blog bilety24\" \/>\n<meta property=\"article:publisher\" content=\"https:\/\/www.facebook.com\/bilety24\/\" \/>\n<meta property=\"article:author\" content=\"https:\/\/www.facebook.com\/bilety24\/\" \/>\n<meta property=\"article:published_time\" content=\"2025-10-07T11:11:24+00:00\" \/>\n<meta property=\"article:modified_time\" content=\"2025-10-07T11:12:50+00:00\" \/>\n<meta property=\"og:image\" content=\"https:\/\/www.bilety24.pl\/blog\/wp-content\/uploads\/2025\/10\/SE25_SBB_fot_Jacek_Raciborski2.jpg\" \/>\n\t<meta property=\"og:image:width\" content=\"1500\" \/>\n\t<meta property=\"og:image:height\" content=\"1000\" \/>\n\t<meta property=\"og:image:type\" content=\"image\/jpeg\" \/>\n<meta name=\"author\" content=\"Bilety24\" \/>\n<meta name=\"twitter:card\" content=\"summary_large_image\" \/>\n<meta name=\"twitter:label1\" content=\"Napisane przez\" \/>\n\t<meta name=\"twitter:data1\" content=\"Bilety24\" \/>\n\t<meta name=\"twitter:label2\" content=\"Szacowany czas czytania\" \/>\n\t<meta name=\"twitter:data2\" content=\"11 minut\" \/>\n<script type=\"application\/ld+json\" class=\"yoast-schema-graph\">{\"@context\":\"https:\/\/schema.org\",\"@graph\":[{\"@type\":\"WebPage\",\"@id\":\"https:\/\/www.bilety24.pl\/blog\/soundedit-25-producenci-sie-licza-dzwiek-sie-liczy-to-jest-soundedit\/\",\"url\":\"https:\/\/www.bilety24.pl\/blog\/soundedit-25-producenci-sie-licza-dzwiek-sie-liczy-to-jest-soundedit\/\",\"name\":\"SOUNDEDIT \u201925 - PRODUCENCI SI\u0118 LICZ\u0104, D\u0179WI\u0118K SI\u0118 LICZY. TO JEST SOUNDEDIT! - Blog bilety24\",\"isPartOf\":{\"@id\":\"https:\/\/www.bilety24.pl\/blog\/#website\"},\"primaryImageOfPage\":{\"@id\":\"https:\/\/www.bilety24.pl\/blog\/soundedit-25-producenci-sie-licza-dzwiek-sie-liczy-to-jest-soundedit\/#primaryimage\"},\"image\":{\"@id\":\"https:\/\/www.bilety24.pl\/blog\/soundedit-25-producenci-sie-licza-dzwiek-sie-liczy-to-jest-soundedit\/#primaryimage\"},\"thumbnailUrl\":\"https:\/\/www.bilety24.pl\/blog\/wp-content\/uploads\/2025\/10\/SE25_SBB_fot_Jacek_Raciborski2.jpg\",\"datePublished\":\"2025-10-07T11:11:24+00:00\",\"dateModified\":\"2025-10-07T11:12:50+00:00\",\"author\":{\"@id\":\"https:\/\/www.bilety24.pl\/blog\/#\/schema\/person\/7e329e2da8aeaa3d81eb768b6382742e\"},\"breadcrumb\":{\"@id\":\"https:\/\/www.bilety24.pl\/blog\/soundedit-25-producenci-sie-licza-dzwiek-sie-liczy-to-jest-soundedit\/#breadcrumb\"},\"inLanguage\":\"pl-PL\",\"potentialAction\":[{\"@type\":\"ReadAction\",\"target\":[\"https:\/\/www.bilety24.pl\/blog\/soundedit-25-producenci-sie-licza-dzwiek-sie-liczy-to-jest-soundedit\/\"]}]},{\"@type\":\"ImageObject\",\"inLanguage\":\"pl-PL\",\"@id\":\"https:\/\/www.bilety24.pl\/blog\/soundedit-25-producenci-sie-licza-dzwiek-sie-liczy-to-jest-soundedit\/#primaryimage\",\"url\":\"https:\/\/www.bilety24.pl\/blog\/wp-content\/uploads\/2025\/10\/SE25_SBB_fot_Jacek_Raciborski2.jpg\",\"contentUrl\":\"https:\/\/www.bilety24.pl\/blog\/wp-content\/uploads\/2025\/10\/SE25_SBB_fot_Jacek_Raciborski2.jpg\",\"width\":1500,\"height\":1000},{\"@type\":\"BreadcrumbList\",\"@id\":\"https:\/\/www.bilety24.pl\/blog\/soundedit-25-producenci-sie-licza-dzwiek-sie-liczy-to-jest-soundedit\/#breadcrumb\",\"itemListElement\":[{\"@type\":\"ListItem\",\"position\":1,\"name\":\"Strona g\u0142\u00f3wna\",\"item\":\"https:\/\/www.bilety24.pl\/blog\/\"},{\"@type\":\"ListItem\",\"position\":2,\"name\":\"SOUNDEDIT \u201925 &#8211; PRODUCENCI SI\u0118 LICZ\u0104, D\u0179WI\u0118K SI\u0118 LICZY. TO JEST SOUNDEDIT!\"}]},{\"@type\":\"WebSite\",\"@id\":\"https:\/\/www.bilety24.pl\/blog\/#website\",\"url\":\"https:\/\/www.bilety24.pl\/blog\/\",\"name\":\"Blog Bilety24\",\"description\":\"Blog kulturalny\",\"potentialAction\":[{\"@type\":\"SearchAction\",\"target\":{\"@type\":\"EntryPoint\",\"urlTemplate\":\"https:\/\/www.bilety24.pl\/blog\/?s={search_term_string}\"},\"query-input\":{\"@type\":\"PropertyValueSpecification\",\"valueRequired\":true,\"valueName\":\"search_term_string\"}}],\"inLanguage\":\"pl-PL\"},{\"@type\":\"Person\",\"@id\":\"https:\/\/www.bilety24.pl\/blog\/#\/schema\/person\/7e329e2da8aeaa3d81eb768b6382742e\",\"name\":\"Bilety24\",\"image\":{\"@type\":\"ImageObject\",\"inLanguage\":\"pl-PL\",\"@id\":\"https:\/\/www.bilety24.pl\/blog\/#\/schema\/person\/image\/\",\"url\":\"https:\/\/secure.gravatar.com\/avatar\/8d3eaee9955bb1343637ec742a251e4a?s=96&d=mm&r=g\",\"contentUrl\":\"https:\/\/secure.gravatar.com\/avatar\/8d3eaee9955bb1343637ec742a251e4a?s=96&d=mm&r=g\",\"caption\":\"Bilety24\"},\"sameAs\":[\"https:\/\/www.facebook.com\/bilety24\/\",\"https:\/\/www.instagram.com\/_bilety24\/\"],\"url\":\"https:\/\/www.bilety24.pl\/blog\/author\/admin_bilety24\/\"}]}<\/script>\n<!-- \/ Yoast SEO plugin. -->","yoast_head_json":{"title":"SOUNDEDIT \u201925 - PRODUCENCI SI\u0118 LICZ\u0104, D\u0179WI\u0118K SI\u0118 LICZY. TO JEST SOUNDEDIT! - Blog bilety24","robots":{"index":"index","follow":"follow","max-snippet":"max-snippet:-1","max-image-preview":"max-image-preview:large","max-video-preview":"max-video-preview:-1"},"canonical":"https:\/\/www.bilety24.pl\/blog\/soundedit-25-producenci-sie-licza-dzwiek-sie-liczy-to-jest-soundedit\/","og_locale":"pl_PL","og_type":"article","og_title":"SOUNDEDIT \u201925 - PRODUCENCI SI\u0118 LICZ\u0104, D\u0179WI\u0118K SI\u0118 LICZY. TO JEST SOUNDEDIT! - Blog bilety24","og_description":"Tegoroczna edycja Mi\u0119dzynarodowego Festiwalu Producent\u00f3w Muzycznych Soundedit jest na\u0142adowana wyj\u0105tkowymi koncertami. W \u0142\u00f3dzkiej Wytw\u00f3rni wyst\u0105pi\u0105: Anja Huwe, czyli niegdy\u015b g\u0142os zespo\u0142u Xmal Deutschland oraz Gavin Friday, kt\u00f3ry powr\u00f3ci na Soundedit po trzynastu latach. Pojawi si\u0119 r\u00f3wnie\u017c \u0142\u00f3dzki artysta \u2013 Mechu. Nast\u0119pny dzie\u0144 to kultowe Fields of the Nephilim wraz The Chameleons i polskim 1984. Festiwalowa [&hellip;]","og_url":"https:\/\/www.bilety24.pl\/blog\/soundedit-25-producenci-sie-licza-dzwiek-sie-liczy-to-jest-soundedit\/","og_site_name":"Blog bilety24","article_publisher":"https:\/\/www.facebook.com\/bilety24\/","article_author":"https:\/\/www.facebook.com\/bilety24\/","article_published_time":"2025-10-07T11:11:24+00:00","article_modified_time":"2025-10-07T11:12:50+00:00","og_image":[{"width":1500,"height":1000,"url":"https:\/\/www.bilety24.pl\/blog\/wp-content\/uploads\/2025\/10\/SE25_SBB_fot_Jacek_Raciborski2.jpg","type":"image\/jpeg"}],"author":"Bilety24","twitter_card":"summary_large_image","twitter_misc":{"Napisane przez":"Bilety24","Szacowany czas czytania":"11 minut"},"schema":{"@context":"https:\/\/schema.org","@graph":[{"@type":"WebPage","@id":"https:\/\/www.bilety24.pl\/blog\/soundedit-25-producenci-sie-licza-dzwiek-sie-liczy-to-jest-soundedit\/","url":"https:\/\/www.bilety24.pl\/blog\/soundedit-25-producenci-sie-licza-dzwiek-sie-liczy-to-jest-soundedit\/","name":"SOUNDEDIT \u201925 - PRODUCENCI SI\u0118 LICZ\u0104, D\u0179WI\u0118K SI\u0118 LICZY. TO JEST SOUNDEDIT! - Blog bilety24","isPartOf":{"@id":"https:\/\/www.bilety24.pl\/blog\/#website"},"primaryImageOfPage":{"@id":"https:\/\/www.bilety24.pl\/blog\/soundedit-25-producenci-sie-licza-dzwiek-sie-liczy-to-jest-soundedit\/#primaryimage"},"image":{"@id":"https:\/\/www.bilety24.pl\/blog\/soundedit-25-producenci-sie-licza-dzwiek-sie-liczy-to-jest-soundedit\/#primaryimage"},"thumbnailUrl":"https:\/\/www.bilety24.pl\/blog\/wp-content\/uploads\/2025\/10\/SE25_SBB_fot_Jacek_Raciborski2.jpg","datePublished":"2025-10-07T11:11:24+00:00","dateModified":"2025-10-07T11:12:50+00:00","author":{"@id":"https:\/\/www.bilety24.pl\/blog\/#\/schema\/person\/7e329e2da8aeaa3d81eb768b6382742e"},"breadcrumb":{"@id":"https:\/\/www.bilety24.pl\/blog\/soundedit-25-producenci-sie-licza-dzwiek-sie-liczy-to-jest-soundedit\/#breadcrumb"},"inLanguage":"pl-PL","potentialAction":[{"@type":"ReadAction","target":["https:\/\/www.bilety24.pl\/blog\/soundedit-25-producenci-sie-licza-dzwiek-sie-liczy-to-jest-soundedit\/"]}]},{"@type":"ImageObject","inLanguage":"pl-PL","@id":"https:\/\/www.bilety24.pl\/blog\/soundedit-25-producenci-sie-licza-dzwiek-sie-liczy-to-jest-soundedit\/#primaryimage","url":"https:\/\/www.bilety24.pl\/blog\/wp-content\/uploads\/2025\/10\/SE25_SBB_fot_Jacek_Raciborski2.jpg","contentUrl":"https:\/\/www.bilety24.pl\/blog\/wp-content\/uploads\/2025\/10\/SE25_SBB_fot_Jacek_Raciborski2.jpg","width":1500,"height":1000},{"@type":"BreadcrumbList","@id":"https:\/\/www.bilety24.pl\/blog\/soundedit-25-producenci-sie-licza-dzwiek-sie-liczy-to-jest-soundedit\/#breadcrumb","itemListElement":[{"@type":"ListItem","position":1,"name":"Strona g\u0142\u00f3wna","item":"https:\/\/www.bilety24.pl\/blog\/"},{"@type":"ListItem","position":2,"name":"SOUNDEDIT \u201925 &#8211; PRODUCENCI SI\u0118 LICZ\u0104, D\u0179WI\u0118K SI\u0118 LICZY. TO JEST SOUNDEDIT!"}]},{"@type":"WebSite","@id":"https:\/\/www.bilety24.pl\/blog\/#website","url":"https:\/\/www.bilety24.pl\/blog\/","name":"Blog Bilety24","description":"Blog kulturalny","potentialAction":[{"@type":"SearchAction","target":{"@type":"EntryPoint","urlTemplate":"https:\/\/www.bilety24.pl\/blog\/?s={search_term_string}"},"query-input":{"@type":"PropertyValueSpecification","valueRequired":true,"valueName":"search_term_string"}}],"inLanguage":"pl-PL"},{"@type":"Person","@id":"https:\/\/www.bilety24.pl\/blog\/#\/schema\/person\/7e329e2da8aeaa3d81eb768b6382742e","name":"Bilety24","image":{"@type":"ImageObject","inLanguage":"pl-PL","@id":"https:\/\/www.bilety24.pl\/blog\/#\/schema\/person\/image\/","url":"https:\/\/secure.gravatar.com\/avatar\/8d3eaee9955bb1343637ec742a251e4a?s=96&d=mm&r=g","contentUrl":"https:\/\/secure.gravatar.com\/avatar\/8d3eaee9955bb1343637ec742a251e4a?s=96&d=mm&r=g","caption":"Bilety24"},"sameAs":["https:\/\/www.facebook.com\/bilety24\/","https:\/\/www.instagram.com\/_bilety24\/"],"url":"https:\/\/www.bilety24.pl\/blog\/author\/admin_bilety24\/"}]}},"_links":{"self":[{"href":"https:\/\/www.bilety24.pl\/blog\/wp-json\/wp\/v2\/posts\/6642","targetHints":{"allow":["GET"]}}],"collection":[{"href":"https:\/\/www.bilety24.pl\/blog\/wp-json\/wp\/v2\/posts"}],"about":[{"href":"https:\/\/www.bilety24.pl\/blog\/wp-json\/wp\/v2\/types\/post"}],"author":[{"embeddable":true,"href":"https:\/\/www.bilety24.pl\/blog\/wp-json\/wp\/v2\/users\/1"}],"replies":[{"embeddable":true,"href":"https:\/\/www.bilety24.pl\/blog\/wp-json\/wp\/v2\/comments?post=6642"}],"version-history":[{"count":2,"href":"https:\/\/www.bilety24.pl\/blog\/wp-json\/wp\/v2\/posts\/6642\/revisions"}],"predecessor-version":[{"id":6649,"href":"https:\/\/www.bilety24.pl\/blog\/wp-json\/wp\/v2\/posts\/6642\/revisions\/6649"}],"wp:featuredmedia":[{"embeddable":true,"href":"https:\/\/www.bilety24.pl\/blog\/wp-json\/wp\/v2\/media\/6644"}],"wp:attachment":[{"href":"https:\/\/www.bilety24.pl\/blog\/wp-json\/wp\/v2\/media?parent=6642"}],"wp:term":[{"taxonomy":"category","embeddable":true,"href":"https:\/\/www.bilety24.pl\/blog\/wp-json\/wp\/v2\/categories?post=6642"},{"taxonomy":"post_tag","embeddable":true,"href":"https:\/\/www.bilety24.pl\/blog\/wp-json\/wp\/v2\/tags?post=6642"}],"curies":[{"name":"wp","href":"https:\/\/api.w.org\/{rel}","templated":true}]}}