{"id":6790,"date":"2026-03-16T13:32:40","date_gmt":"2026-03-16T12:32:40","guid":{"rendered":"https:\/\/www.bilety24.pl\/blog\/?p=6790"},"modified":"2026-03-16T13:33:35","modified_gmt":"2026-03-16T12:33:35","slug":"poznan-kino-rialto-ludzie-gor-krzysztof-wielicki-lodowi-wojownicy","status":"publish","type":"post","link":"https:\/\/www.bilety24.pl\/blog\/poznan-kino-rialto-ludzie-gor-krzysztof-wielicki-lodowi-wojownicy\/","title":{"rendered":"Pozna\u0144, Kino Rialto 26.03.2026 &#8211; Ludzie G\u00f3r | Krzysztof Wielicki | Lodowi Wojownicy"},"content":{"rendered":"\n<p>\u201eLodowi Wojownicy \u2013 historia zimowej eksploracji Himalaj\u00f3w i Karakorum\u201d<br \/>Wszyscy w\u0142a\u015bciwie wiedz\u0105, \u017ce historia pierwszych zimowych wspinaczek w G\u00f3rach Wysokich (powy\u017cej 7000-8000 m n.p.m.) by\u0142a domen\u0105 polskich himalaist\u00f3w. To oni w latach 70. i 80. XX wieku zapocz\u0105tkowali specyficzn\u0105 dyscyplin\u0119 i zaw\u0142adn\u0119li zim\u0105 Himalaje i Karakorum, zyskuj\u0105c miano \u201eIce Warriors\u201d tj. Lodowych Wojownik\u00f3w.<br \/>Zacz\u0119\u0142o si\u0119 13 lutego 1973 roku od zimowego wej\u015bcia na siedmiotysi\u0119cznik Noszak (7492 m n.p.m.), kt\u00f3rego dokonali Andrzej Zawada i Tadeusz Piotrowski. Historyczne, pierwsze zimowe wej\u015bcie na o\u015bmiotysi\u0119cznik sta\u0142o si\u0119 faktem w dniu 17 lutego 1980 r. podczas narodowej wyprawy na Mount Everest (8848 m n.p.m.) kierowanej przez samego prekursora zimowego stylu, Andrzeja Zawad\u0119. Na szczycie stan\u0119li Leszek Cichy i Krzysztof Wielicki.<br \/>Tak rozpocz\u0119\u0142a si\u0119 Z\u0142ota Era Polskiego Zimowego Himalaizmu. Pod wodz\u0105 Andrzeja Zawady Polacy wykorzystali do\u015bwiadczenie zdobyte w Tatrach i Alpach, Pamirze i Hindukuszu, jak r\u00f3wnie\u017c na Evere\u015bcie w 1980 roku, by podbija\u0107 najwy\u017csze g\u00f3ry \u015bwiata zim\u0105.<\/p>\n\n\n\n<p><br \/>Krzysztof Wielicki \u2013 znany z tego, \u017ce gaw\u0119dzi niezwykle barwnie nie tylko o swojej niesamowitej karierze, to \u2013 tym razem przyjedzie do Poznania, by opowiedzie\u0107 o zimowej eksploracji Himalaj\u00f3w i Karakorum. Nie zabraknie oczywi\u015bcie w\u0105tk\u00f3w, kt\u00f3re stanowi\u0105 osobisty udzia\u0142u samego prelegenta w zimowym podboju G\u00f3r Najwy\u017cszych. B\u0119dzie zatem o dziesi\u0119ciu polskich pierwszych zimowych wej\u015bciach na o\u015bmiotysi\u0119czniki:<\/p>\n\n\n\n<ol class=\"wp-block-list\">\n<li>o wspomnianym ju\u017c pami\u0119tnym Evere\u015bcie w 1980 roku;<\/li>\n\n\n\n<li>o Manaslu (8163 m n.p.m.) w 1884 roku, czyli pierwszym wej\u015bciu zimowym bez wspomagania tlenem z butli, kt\u00f3rego dokonali Maciej Berbeka i Ryszard Gajewski;<\/li>\n\n\n\n<li>o Dhaulagiri (8167 m n.p.m.) w 1985 roku, na szczycie Andrzej Czok i Jerzy Kukuczka;<\/li>\n\n\n\n<li>o Czo Oju (8203 m n.p.m.) w 1985 roku, na szczycie Maciej Berbeka i Maciej Pawlikowski;<\/li>\n\n\n\n<li>o Kangczendzondze, (8586 m n.p.m.) w 1986 roku, na szczycie Krzysztof Wielicki i Jerzy Kukuczka;<\/li>\n\n\n\n<li>o Annapurnie (8091 m n.p.m.) w 1987 roku, na szczycie Artur Hajzer i Jerzy Kukuczka;<\/li>\n\n\n\n<li>o Lhotse (8516 m n.p.m.) w 1988 i pierwszym wej\u015bciu solo zim\u0105 na o\u015bmiotysi\u0119cznik, na szczycie Krzysztof Wielicki;<\/li>\n\n\n\n<li>o Sziszapangmie (8013 m n.p.m.) w 2005 roku, na szczycie Piotr Morawski i W\u0142och Simone Moro;<\/li>\n\n\n\n<li>o Gaszerbrumie I (8068 m n.p.m.) w 2012 roku, na szczycie Adam Bielecki i Janusz Go\u0142\u0105b; i wreszcie<\/li>\n\n\n\n<li>o r\u00f3wnie pami\u0119tnym co tragicznym Broad Peaku (8051 m n.p.m.) w 2013 roku, na szczycie Maciej Berbeka, Tomasz Kowalski, Adam Bielecki, Artur Ma\u0142ek.<br \/>Krzysztof opowie te\u017c o wspinaczach innych narodowo\u015bci, kt\u00f3rzy domkn\u0119li zimow\u0105 eksploracj\u0119 o\u015bmiotysi\u0119cznik\u00f3w:<\/li>\n\n\n\n<li>w 2009 roku Simone Moro i Kazach Denis Urubko na Makalu (8463 m n.p.m.);<\/li>\n\n\n\n<li>w 2011 roku Simone Moro, Denis Urubko i Amerykanin Cory Richards na Gaszerbrumie II (8035 m n.p.m.);<\/li>\n\n\n\n<li>w 2016 roku Simone Moro, Baskijczyk Alex Txikon i Pakista\u0144czyk Ali Sadpara na Nanga Parbat (8126 m n.p.m.);<\/li>\n\n\n\n<li>w 2021 wierzcho\u0142ek ostatniego niezdobytego zim\u0105 o\u015bmiotysi\u0119cznika K2 (8611 m n.p.m.) zosta\u0142 osi\u0105gni\u0119ty przez 10-osobowy nepalski zesp\u00f3\u0142 Szerp\u00f3w.<br \/>Prelekcj\u0119 uzupe\u0142ni\u0105 te\u017c wspomnienia o wielu wcze\u015bniejszych pr\u00f3bach zdobycia zim\u0105 K2, Nanga Parbat czy Makalu oraz informacje o r\u00f3wnie ciekawych zimowych wej\u015bciach na himalajskie siedmiotysi\u0119czniki, m.in. w 1983 roku na Api (7132 m n.p.m.), na szczycie Tadeusz Piotrowski i Andrzej Bielu\u0144; czy w 1988 roku na Langtang Lirung (7227 m n.p.m.), na szczycie Miko\u0142aj Czy\u017cewski, Kazimierz Kiszka i Adam Potoczek.<\/li>\n<\/ol>\n\n\n\n<div class=\"wp-block-buttons is-layout-flex wp-block-buttons-is-layout-flex\">\n<div class=\"wp-block-button\"><a class=\"wp-block-button__link has-text-align-center wp-element-button\">BILETY<\/a><\/div>\n<\/div>\n\n\n\n<p><\/p>\n<div class=\"fb-background-color\">\n\t\t\t  <div \n\t\t\t  \tclass = \"fb-comments\" \n\t\t\t  \tdata-href = \"https:\/\/www.bilety24.pl\/blog\/poznan-kino-rialto-ludzie-gor-krzysztof-wielicki-lodowi-wojownicy\/\"\n\t\t\t  \tdata-numposts = \"10\"\n\t\t\t  \tdata-lazy = \"true\"\n\t\t\t\tdata-colorscheme = \"light\"\n\t\t\t\tdata-order-by = \"reverse_time\"\n\t\t\t\tdata-mobile=true>\n\t\t\t  <\/div><\/div>\n\t\t  <style>\n\t\t    .fb-background-color {\n\t\t\t\tbackground:  !important;\n\t\t\t}\n\t\t\t.fb_iframe_widget_fluid_desktop iframe {\n\t\t\t    width: 100% !important;\n\t\t\t}\n\t\t  <\/style>\n\t\t  ","protected":false},"excerpt":{"rendered":"<p>\u201eLodowi Wojownicy \u2013 historia zimowej eksploracji Himalaj\u00f3w i Karakorum\u201dWszyscy w\u0142a\u015bciwie wiedz\u0105, \u017ce historia pierwszych zimowych wspinaczek w G\u00f3rach Wysokich (powy\u017cej 7000-8000 m n.p.m.) by\u0142a domen\u0105 polskich himalaist\u00f3w. To oni w latach 70. i 80. XX wieku zapocz\u0105tkowali specyficzn\u0105 dyscyplin\u0119 i zaw\u0142adn\u0119li zim\u0105 Himalaje i Karakorum, zyskuj\u0105c miano \u201eIce Warriors\u201d tj. Lodowych Wojownik\u00f3w.Zacz\u0119\u0142o si\u0119 13 lutego [&hellip;]<\/p>\n","protected":false},"author":1,"featured_media":6793,"comment_status":"closed","ping_status":"open","sticky":false,"template":"","format":"standard","meta":{"ngg_post_thumbnail":0,"footnotes":""},"categories":[1],"tags":[],"class_list":["post-6790","post","type-post","status-publish","format-standard","has-post-thumbnail","hentry","category-aktualnosci"],"yoast_head":"<!-- This site is optimized with the Yoast SEO plugin v25.3.1 - https:\/\/yoast.com\/wordpress\/plugins\/seo\/ -->\n<title>Pozna\u0144, Kino Rialto 26.03.2026 - Ludzie G\u00f3r | Krzysztof Wielicki | Lodowi Wojownicy - Blog bilety24<\/title>\n<meta name=\"robots\" content=\"index, follow, max-snippet:-1, max-image-preview:large, max-video-preview:-1\" \/>\n<link rel=\"canonical\" href=\"https:\/\/www.bilety24.pl\/blog\/poznan-kino-rialto-ludzie-gor-krzysztof-wielicki-lodowi-wojownicy\/\" \/>\n<meta property=\"og:locale\" content=\"pl_PL\" \/>\n<meta property=\"og:type\" content=\"article\" \/>\n<meta property=\"og:title\" content=\"Pozna\u0144, Kino Rialto 26.03.2026 - Ludzie G\u00f3r | Krzysztof Wielicki | Lodowi Wojownicy - Blog bilety24\" \/>\n<meta property=\"og:description\" content=\"\u201eLodowi Wojownicy \u2013 historia zimowej eksploracji Himalaj\u00f3w i Karakorum\u201dWszyscy w\u0142a\u015bciwie wiedz\u0105, \u017ce historia pierwszych zimowych wspinaczek w G\u00f3rach Wysokich (powy\u017cej 7000-8000 m n.p.m.) by\u0142a domen\u0105 polskich himalaist\u00f3w. To oni w latach 70. i 80. XX wieku zapocz\u0105tkowali specyficzn\u0105 dyscyplin\u0119 i zaw\u0142adn\u0119li zim\u0105 Himalaje i Karakorum, zyskuj\u0105c miano \u201eIce Warriors\u201d tj. Lodowych Wojownik\u00f3w.Zacz\u0119\u0142o si\u0119 13 lutego [&hellip;]\" \/>\n<meta property=\"og:url\" content=\"https:\/\/www.bilety24.pl\/blog\/poznan-kino-rialto-ludzie-gor-krzysztof-wielicki-lodowi-wojownicy\/\" \/>\n<meta property=\"og:site_name\" content=\"Blog bilety24\" \/>\n<meta property=\"article:publisher\" content=\"https:\/\/www.facebook.com\/bilety24\/\" \/>\n<meta property=\"article:author\" content=\"https:\/\/www.facebook.com\/bilety24\/\" \/>\n<meta property=\"article:published_time\" content=\"2026-03-16T12:32:40+00:00\" \/>\n<meta property=\"article:modified_time\" content=\"2026-03-16T12:33:35+00:00\" \/>\n<meta property=\"og:image\" content=\"https:\/\/www.bilety24.pl\/blog\/wp-content\/uploads\/2026\/03\/rialto.jpg\" \/>\n\t<meta property=\"og:image:width\" content=\"1314\" \/>\n\t<meta property=\"og:image:height\" content=\"688\" \/>\n\t<meta property=\"og:image:type\" content=\"image\/jpeg\" \/>\n<meta name=\"author\" content=\"Bilety24\" \/>\n<meta name=\"twitter:card\" content=\"summary_large_image\" \/>\n<meta name=\"twitter:label1\" content=\"Napisane przez\" \/>\n\t<meta name=\"twitter:data1\" content=\"Bilety24\" \/>\n\t<meta name=\"twitter:label2\" content=\"Szacowany czas czytania\" \/>\n\t<meta name=\"twitter:data2\" content=\"4 minuty\" \/>\n<script type=\"application\/ld+json\" class=\"yoast-schema-graph\">{\"@context\":\"https:\/\/schema.org\",\"@graph\":[{\"@type\":\"WebPage\",\"@id\":\"https:\/\/www.bilety24.pl\/blog\/poznan-kino-rialto-ludzie-gor-krzysztof-wielicki-lodowi-wojownicy\/\",\"url\":\"https:\/\/www.bilety24.pl\/blog\/poznan-kino-rialto-ludzie-gor-krzysztof-wielicki-lodowi-wojownicy\/\",\"name\":\"Pozna\u0144, Kino Rialto 26.03.2026 - Ludzie G\u00f3r | Krzysztof Wielicki | Lodowi Wojownicy - Blog bilety24\",\"isPartOf\":{\"@id\":\"https:\/\/www.bilety24.pl\/blog\/#website\"},\"primaryImageOfPage\":{\"@id\":\"https:\/\/www.bilety24.pl\/blog\/poznan-kino-rialto-ludzie-gor-krzysztof-wielicki-lodowi-wojownicy\/#primaryimage\"},\"image\":{\"@id\":\"https:\/\/www.bilety24.pl\/blog\/poznan-kino-rialto-ludzie-gor-krzysztof-wielicki-lodowi-wojownicy\/#primaryimage\"},\"thumbnailUrl\":\"https:\/\/www.bilety24.pl\/blog\/wp-content\/uploads\/2026\/03\/rialto.jpg\",\"datePublished\":\"2026-03-16T12:32:40+00:00\",\"dateModified\":\"2026-03-16T12:33:35+00:00\",\"author\":{\"@id\":\"https:\/\/www.bilety24.pl\/blog\/#\/schema\/person\/7e329e2da8aeaa3d81eb768b6382742e\"},\"breadcrumb\":{\"@id\":\"https:\/\/www.bilety24.pl\/blog\/poznan-kino-rialto-ludzie-gor-krzysztof-wielicki-lodowi-wojownicy\/#breadcrumb\"},\"inLanguage\":\"pl-PL\",\"potentialAction\":[{\"@type\":\"ReadAction\",\"target\":[\"https:\/\/www.bilety24.pl\/blog\/poznan-kino-rialto-ludzie-gor-krzysztof-wielicki-lodowi-wojownicy\/\"]}]},{\"@type\":\"ImageObject\",\"inLanguage\":\"pl-PL\",\"@id\":\"https:\/\/www.bilety24.pl\/blog\/poznan-kino-rialto-ludzie-gor-krzysztof-wielicki-lodowi-wojownicy\/#primaryimage\",\"url\":\"https:\/\/www.bilety24.pl\/blog\/wp-content\/uploads\/2026\/03\/rialto.jpg\",\"contentUrl\":\"https:\/\/www.bilety24.pl\/blog\/wp-content\/uploads\/2026\/03\/rialto.jpg\",\"width\":1314,\"height\":688},{\"@type\":\"BreadcrumbList\",\"@id\":\"https:\/\/www.bilety24.pl\/blog\/poznan-kino-rialto-ludzie-gor-krzysztof-wielicki-lodowi-wojownicy\/#breadcrumb\",\"itemListElement\":[{\"@type\":\"ListItem\",\"position\":1,\"name\":\"Strona g\u0142\u00f3wna\",\"item\":\"https:\/\/www.bilety24.pl\/blog\/\"},{\"@type\":\"ListItem\",\"position\":2,\"name\":\"Pozna\u0144, Kino Rialto 26.03.2026 &#8211; Ludzie G\u00f3r | Krzysztof Wielicki | Lodowi Wojownicy\"}]},{\"@type\":\"WebSite\",\"@id\":\"https:\/\/www.bilety24.pl\/blog\/#website\",\"url\":\"https:\/\/www.bilety24.pl\/blog\/\",\"name\":\"Blog Bilety24\",\"description\":\"Blog kulturalny\",\"potentialAction\":[{\"@type\":\"SearchAction\",\"target\":{\"@type\":\"EntryPoint\",\"urlTemplate\":\"https:\/\/www.bilety24.pl\/blog\/?s={search_term_string}\"},\"query-input\":{\"@type\":\"PropertyValueSpecification\",\"valueRequired\":true,\"valueName\":\"search_term_string\"}}],\"inLanguage\":\"pl-PL\"},{\"@type\":\"Person\",\"@id\":\"https:\/\/www.bilety24.pl\/blog\/#\/schema\/person\/7e329e2da8aeaa3d81eb768b6382742e\",\"name\":\"Bilety24\",\"image\":{\"@type\":\"ImageObject\",\"inLanguage\":\"pl-PL\",\"@id\":\"https:\/\/www.bilety24.pl\/blog\/#\/schema\/person\/image\/\",\"url\":\"https:\/\/secure.gravatar.com\/avatar\/8d3eaee9955bb1343637ec742a251e4a?s=96&d=mm&r=g\",\"contentUrl\":\"https:\/\/secure.gravatar.com\/avatar\/8d3eaee9955bb1343637ec742a251e4a?s=96&d=mm&r=g\",\"caption\":\"Bilety24\"},\"sameAs\":[\"https:\/\/www.facebook.com\/bilety24\/\",\"https:\/\/www.instagram.com\/_bilety24\/\"],\"url\":\"https:\/\/www.bilety24.pl\/blog\/author\/admin_bilety24\/\"}]}<\/script>\n<!-- \/ Yoast SEO plugin. -->","yoast_head_json":{"title":"Pozna\u0144, Kino Rialto 26.03.2026 - Ludzie G\u00f3r | Krzysztof Wielicki | Lodowi Wojownicy - Blog bilety24","robots":{"index":"index","follow":"follow","max-snippet":"max-snippet:-1","max-image-preview":"max-image-preview:large","max-video-preview":"max-video-preview:-1"},"canonical":"https:\/\/www.bilety24.pl\/blog\/poznan-kino-rialto-ludzie-gor-krzysztof-wielicki-lodowi-wojownicy\/","og_locale":"pl_PL","og_type":"article","og_title":"Pozna\u0144, Kino Rialto 26.03.2026 - Ludzie G\u00f3r | Krzysztof Wielicki | Lodowi Wojownicy - Blog bilety24","og_description":"\u201eLodowi Wojownicy \u2013 historia zimowej eksploracji Himalaj\u00f3w i Karakorum\u201dWszyscy w\u0142a\u015bciwie wiedz\u0105, \u017ce historia pierwszych zimowych wspinaczek w G\u00f3rach Wysokich (powy\u017cej 7000-8000 m n.p.m.) by\u0142a domen\u0105 polskich himalaist\u00f3w. To oni w latach 70. i 80. XX wieku zapocz\u0105tkowali specyficzn\u0105 dyscyplin\u0119 i zaw\u0142adn\u0119li zim\u0105 Himalaje i Karakorum, zyskuj\u0105c miano \u201eIce Warriors\u201d tj. Lodowych Wojownik\u00f3w.Zacz\u0119\u0142o si\u0119 13 lutego [&hellip;]","og_url":"https:\/\/www.bilety24.pl\/blog\/poznan-kino-rialto-ludzie-gor-krzysztof-wielicki-lodowi-wojownicy\/","og_site_name":"Blog bilety24","article_publisher":"https:\/\/www.facebook.com\/bilety24\/","article_author":"https:\/\/www.facebook.com\/bilety24\/","article_published_time":"2026-03-16T12:32:40+00:00","article_modified_time":"2026-03-16T12:33:35+00:00","og_image":[{"width":1314,"height":688,"url":"https:\/\/www.bilety24.pl\/blog\/wp-content\/uploads\/2026\/03\/rialto.jpg","type":"image\/jpeg"}],"author":"Bilety24","twitter_card":"summary_large_image","twitter_misc":{"Napisane przez":"Bilety24","Szacowany czas czytania":"4 minuty"},"schema":{"@context":"https:\/\/schema.org","@graph":[{"@type":"WebPage","@id":"https:\/\/www.bilety24.pl\/blog\/poznan-kino-rialto-ludzie-gor-krzysztof-wielicki-lodowi-wojownicy\/","url":"https:\/\/www.bilety24.pl\/blog\/poznan-kino-rialto-ludzie-gor-krzysztof-wielicki-lodowi-wojownicy\/","name":"Pozna\u0144, Kino Rialto 26.03.2026 - Ludzie G\u00f3r | Krzysztof Wielicki | Lodowi Wojownicy - Blog bilety24","isPartOf":{"@id":"https:\/\/www.bilety24.pl\/blog\/#website"},"primaryImageOfPage":{"@id":"https:\/\/www.bilety24.pl\/blog\/poznan-kino-rialto-ludzie-gor-krzysztof-wielicki-lodowi-wojownicy\/#primaryimage"},"image":{"@id":"https:\/\/www.bilety24.pl\/blog\/poznan-kino-rialto-ludzie-gor-krzysztof-wielicki-lodowi-wojownicy\/#primaryimage"},"thumbnailUrl":"https:\/\/www.bilety24.pl\/blog\/wp-content\/uploads\/2026\/03\/rialto.jpg","datePublished":"2026-03-16T12:32:40+00:00","dateModified":"2026-03-16T12:33:35+00:00","author":{"@id":"https:\/\/www.bilety24.pl\/blog\/#\/schema\/person\/7e329e2da8aeaa3d81eb768b6382742e"},"breadcrumb":{"@id":"https:\/\/www.bilety24.pl\/blog\/poznan-kino-rialto-ludzie-gor-krzysztof-wielicki-lodowi-wojownicy\/#breadcrumb"},"inLanguage":"pl-PL","potentialAction":[{"@type":"ReadAction","target":["https:\/\/www.bilety24.pl\/blog\/poznan-kino-rialto-ludzie-gor-krzysztof-wielicki-lodowi-wojownicy\/"]}]},{"@type":"ImageObject","inLanguage":"pl-PL","@id":"https:\/\/www.bilety24.pl\/blog\/poznan-kino-rialto-ludzie-gor-krzysztof-wielicki-lodowi-wojownicy\/#primaryimage","url":"https:\/\/www.bilety24.pl\/blog\/wp-content\/uploads\/2026\/03\/rialto.jpg","contentUrl":"https:\/\/www.bilety24.pl\/blog\/wp-content\/uploads\/2026\/03\/rialto.jpg","width":1314,"height":688},{"@type":"BreadcrumbList","@id":"https:\/\/www.bilety24.pl\/blog\/poznan-kino-rialto-ludzie-gor-krzysztof-wielicki-lodowi-wojownicy\/#breadcrumb","itemListElement":[{"@type":"ListItem","position":1,"name":"Strona g\u0142\u00f3wna","item":"https:\/\/www.bilety24.pl\/blog\/"},{"@type":"ListItem","position":2,"name":"Pozna\u0144, Kino Rialto 26.03.2026 &#8211; Ludzie G\u00f3r | Krzysztof Wielicki | Lodowi Wojownicy"}]},{"@type":"WebSite","@id":"https:\/\/www.bilety24.pl\/blog\/#website","url":"https:\/\/www.bilety24.pl\/blog\/","name":"Blog Bilety24","description":"Blog kulturalny","potentialAction":[{"@type":"SearchAction","target":{"@type":"EntryPoint","urlTemplate":"https:\/\/www.bilety24.pl\/blog\/?s={search_term_string}"},"query-input":{"@type":"PropertyValueSpecification","valueRequired":true,"valueName":"search_term_string"}}],"inLanguage":"pl-PL"},{"@type":"Person","@id":"https:\/\/www.bilety24.pl\/blog\/#\/schema\/person\/7e329e2da8aeaa3d81eb768b6382742e","name":"Bilety24","image":{"@type":"ImageObject","inLanguage":"pl-PL","@id":"https:\/\/www.bilety24.pl\/blog\/#\/schema\/person\/image\/","url":"https:\/\/secure.gravatar.com\/avatar\/8d3eaee9955bb1343637ec742a251e4a?s=96&d=mm&r=g","contentUrl":"https:\/\/secure.gravatar.com\/avatar\/8d3eaee9955bb1343637ec742a251e4a?s=96&d=mm&r=g","caption":"Bilety24"},"sameAs":["https:\/\/www.facebook.com\/bilety24\/","https:\/\/www.instagram.com\/_bilety24\/"],"url":"https:\/\/www.bilety24.pl\/blog\/author\/admin_bilety24\/"}]}},"_links":{"self":[{"href":"https:\/\/www.bilety24.pl\/blog\/wp-json\/wp\/v2\/posts\/6790","targetHints":{"allow":["GET"]}}],"collection":[{"href":"https:\/\/www.bilety24.pl\/blog\/wp-json\/wp\/v2\/posts"}],"about":[{"href":"https:\/\/www.bilety24.pl\/blog\/wp-json\/wp\/v2\/types\/post"}],"author":[{"embeddable":true,"href":"https:\/\/www.bilety24.pl\/blog\/wp-json\/wp\/v2\/users\/1"}],"replies":[{"embeddable":true,"href":"https:\/\/www.bilety24.pl\/blog\/wp-json\/wp\/v2\/comments?post=6790"}],"version-history":[{"count":2,"href":"https:\/\/www.bilety24.pl\/blog\/wp-json\/wp\/v2\/posts\/6790\/revisions"}],"predecessor-version":[{"id":6796,"href":"https:\/\/www.bilety24.pl\/blog\/wp-json\/wp\/v2\/posts\/6790\/revisions\/6796"}],"wp:featuredmedia":[{"embeddable":true,"href":"https:\/\/www.bilety24.pl\/blog\/wp-json\/wp\/v2\/media\/6793"}],"wp:attachment":[{"href":"https:\/\/www.bilety24.pl\/blog\/wp-json\/wp\/v2\/media?parent=6790"}],"wp:term":[{"taxonomy":"category","embeddable":true,"href":"https:\/\/www.bilety24.pl\/blog\/wp-json\/wp\/v2\/categories?post=6790"},{"taxonomy":"post_tag","embeddable":true,"href":"https:\/\/www.bilety24.pl\/blog\/wp-json\/wp\/v2\/tags?post=6790"}],"curies":[{"name":"wp","href":"https:\/\/api.w.org\/{rel}","templated":true}]}}