{"id":6804,"date":"2026-04-02T12:32:34","date_gmt":"2026-04-02T11:32:34","guid":{"rendered":"https:\/\/www.bilety24.pl\/blog\/?p=6804"},"modified":"2026-04-02T12:32:52","modified_gmt":"2026-04-02T11:32:52","slug":"30-04-poznan-ludzie-gor-leszek-cichy-retrospektywa","status":"publish","type":"post","link":"https:\/\/www.bilety24.pl\/blog\/30-04-poznan-ludzie-gor-leszek-cichy-retrospektywa\/","title":{"rendered":"30.04 Pozna\u0144 &#8211; Ludzie G\u00f3r: Leszek Cichy | Retrospektywa"},"content":{"rendered":"\n<h2 class=\"wp-block-heading\">Z\u0142ota era polskiego himalaizmu \u2013 spotkanie z Leszkiem Cichym w Poznaniu<\/h2>\n\n\n\n<p>Mi\u0142o\u015bnicy g\u00f3r, podr\u00f3\u017cy i prawdziwych historii pisanych na granicy ludzkich mo\u017cliwo\u015bci powinni zarezerwowa\u0107 sobie ten wiecz\u00f3r. Ju\u017c 30 kwietnia 2026 roku w Pozna\u0144 odb\u0119dzie si\u0119 wyj\u0105tkowe wydarzenie z cyklu \u201eLudzie G\u00f3r\u201d \u2013 spotkanie z legend\u0105 polskiego himalaizmu, Leszek Cichy.<\/p>\n\n\n\n<h2 class=\"wp-block-heading\">Powr\u00f3t do z\u0142otej ery<\/h2>\n\n\n\n<p>Tegoroczna ods\u0142ona wydarzenia zatytu\u0142owana <strong>\u201eRetrospektywa \u2013 z\u0142ota era polskiego himalaizmu\u201d<\/strong> to niezwyk\u0142a podr\u00f3\u017c w czasie do lat 1971\u20131996 \u2013 okresu, kt\u00f3ry na sta\u0142e zapisa\u0142 si\u0119 w historii \u015bwiatowego alpinizmu. (<a href=\"https:\/\/www.bilety24.pl\/kup-bilet-na-235-ludzie-gor-leszek-cichy-retrospektywa-152760?id=909366&amp;utm_source=chatgpt.com\">Bilety24<\/a>)<\/p>\n\n\n\n<p>Podczas spotkania uczestnicy zobacz\u0105 m.in. archiwalny film <strong>\u201e200 metr\u00f3w do nieba\u201d<\/strong>, dokumentuj\u0105cy pierwsz\u0105 polsk\u0105 wypraw\u0119 na K2 z 1976 roku. To unikalna okazja, by zobaczy\u0107, jak wygl\u0105da\u0142y ekspedycje sprzed p\u00f3\u0142 wieku \u2013 jeszcze w czasach analogowej ta\u015bmy filmowej i pionierskich metod wspinaczki. (<a href=\"https:\/\/www.bilety24.pl\/kup-bilet-na-235-ludzie-gor-leszek-cichy-retrospektywa-152760?id=909366&amp;utm_source=chatgpt.com\">Bilety24<\/a>)<\/p>\n\n\n\n<h2 class=\"wp-block-heading\">Opowie\u015bci z pierwszej r\u0119ki<\/h2>\n\n\n\n<p>Najwi\u0119ksz\u0105 warto\u015bci\u0105 tego wieczoru b\u0119d\u0105 jednak osobiste historie. Leszek Cichy jako bezpo\u015bredni uczestnik wydarze\u0144 opowie o sukcesach, pora\u017ckach i kulisach wypraw, kt\u00f3re tworzy\u0142y legend\u0119 polskich himalaist\u00f3w.<\/p>\n\n\n\n<p>Nie zabraknie zdj\u0119\u0107, anegdot i wspomnie\u0144 \u2013 od pierwszych wypraw w Karakorum, przez zimowe wej\u015bcia, a\u017c po najbardziej wymagaj\u0105ce ekspedycje \u015bwiata. (<a href=\"https:\/\/www.bilety24.pl\/kup-bilet-na-235-ludzie-gor-leszek-cichy-retrospektywa-152760?id=909366&amp;utm_source=chatgpt.com\">Bilety24<\/a>)<\/p>\n\n\n\n<h2 class=\"wp-block-heading\">Kim jest Leszek Cichy?<\/h2>\n\n\n\n<p>To jedna z najwa\u017cniejszych postaci w historii polskiego alpinizmu. W 1980 roku wraz z Krzysztof Wielicki dokona\u0142 pierwszego w historii zimowego wej\u015bcia na Mount Everest \u2013 osi\u0105gni\u0119cia, kt\u00f3re na zawsze zmieni\u0142o oblicze himalaizmu. (<a href=\"https:\/\/trojka.polskieradio.pl\/artykul\/3313757%2Cleszek-cichy-i-jego-opowiesc-o-milosci-do-gor-reportaz-dwa-zycia-posluchaj?utm_source=chatgpt.com\">Tr\u00f3jka<\/a>)<\/p>\n\n\n\n<p>Jest tak\u017ce pierwszym Polakiem, kt\u00f3ry zdoby\u0142 Koron\u0119 Ziemi, a jego kariera obejmuje dziesi\u0105tki wypraw w Himalaje i Karakorum. (<a href=\"https:\/\/kfg.pl\/film\/leszek-cichy\/?utm_source=chatgpt.com\">Krakowski Festiwal G\u00f3rski<\/a>)<\/p>\n\n\n\n<h2 class=\"wp-block-heading\">Dlaczego warto?<\/h2>\n\n\n\n<p>To wydarzenie to co\u015b wi\u0119cej ni\u017c prelekcja. To spotkanie z histori\u0105, pasj\u0105 i lud\u017ami, kt\u00f3rzy przesuwali granice mo\u017cliwo\u015bci.<\/p>\n\n\n\n<ul class=\"wp-block-list\">\n<li>poznasz kulisy najwi\u0119kszych wypraw<\/li>\n\n\n\n<li>zobaczysz unikatowe materia\u0142y archiwalne<\/li>\n\n\n\n<li>us\u0142yszysz historie, kt\u00f3rych nie znajdziesz w podr\u0119cznikach<\/li>\n<\/ul>\n\n\n\n<p>Je\u015bli fascynuj\u0105 Ci\u0119 g\u00f3ry \u2013 albo po prostu lubisz inspiruj\u0105ce opowie\u015bci o przekraczaniu w\u0142asnych granic \u2013 nie mo\u017ce Ci\u0119 tam zabrakn\u0105\u0107.<\/p>\n\n\n\n<hr class=\"wp-block-separator has-alpha-channel-opacity\"\/>\n\n\n\n<p>\ud83d\udc49 Szczeg\u00f3\u0142y wydarzenia i bilety: <a href=\"https:\/\/www.bilety24.pl\/kup-bilet-na-235-ludzie-gor-leszek-cichy-retrospektywa-152760?id=909366&amp;utm_source=chatgpt.com\">Kup bilet<\/a><\/p>\n<div class=\"fb-background-color\">\n\t\t\t  <div \n\t\t\t  \tclass = \"fb-comments\" \n\t\t\t  \tdata-href = \"https:\/\/www.bilety24.pl\/blog\/30-04-poznan-ludzie-gor-leszek-cichy-retrospektywa\/\"\n\t\t\t  \tdata-numposts = \"10\"\n\t\t\t  \tdata-lazy = \"true\"\n\t\t\t\tdata-colorscheme = \"light\"\n\t\t\t\tdata-order-by = \"reverse_time\"\n\t\t\t\tdata-mobile=true>\n\t\t\t  <\/div><\/div>\n\t\t  <style>\n\t\t    .fb-background-color {\n\t\t\t\tbackground:  !important;\n\t\t\t}\n\t\t\t.fb_iframe_widget_fluid_desktop iframe {\n\t\t\t    width: 100% !important;\n\t\t\t}\n\t\t  <\/style>\n\t\t  ","protected":false},"excerpt":{"rendered":"<p>Z\u0142ota era polskiego himalaizmu \u2013 spotkanie z Leszkiem Cichym w Poznaniu Mi\u0142o\u015bnicy g\u00f3r, podr\u00f3\u017cy i prawdziwych historii pisanych na granicy ludzkich mo\u017cliwo\u015bci powinni zarezerwowa\u0107 sobie ten wiecz\u00f3r. Ju\u017c 30 kwietnia 2026 roku w Pozna\u0144 odb\u0119dzie si\u0119 wyj\u0105tkowe wydarzenie z cyklu \u201eLudzie G\u00f3r\u201d \u2013 spotkanie z legend\u0105 polskiego himalaizmu, Leszek Cichy. Powr\u00f3t do z\u0142otej ery Tegoroczna [&hellip;]<\/p>\n","protected":false},"author":1,"featured_media":6806,"comment_status":"closed","ping_status":"open","sticky":false,"template":"","format":"standard","meta":{"ngg_post_thumbnail":0,"footnotes":""},"categories":[1],"tags":[],"class_list":["post-6804","post","type-post","status-publish","format-standard","has-post-thumbnail","hentry","category-aktualnosci"],"yoast_head":"<!-- This site is optimized with the Yoast SEO plugin v25.3.1 - https:\/\/yoast.com\/wordpress\/plugins\/seo\/ -->\n<title>30.04 Pozna\u0144 - Ludzie G\u00f3r: Leszek Cichy | Retrospektywa - Blog bilety24<\/title>\n<meta name=\"robots\" content=\"index, follow, max-snippet:-1, max-image-preview:large, max-video-preview:-1\" \/>\n<link rel=\"canonical\" href=\"https:\/\/www.bilety24.pl\/blog\/30-04-poznan-ludzie-gor-leszek-cichy-retrospektywa\/\" \/>\n<meta property=\"og:locale\" content=\"pl_PL\" \/>\n<meta property=\"og:type\" content=\"article\" \/>\n<meta property=\"og:title\" content=\"30.04 Pozna\u0144 - Ludzie G\u00f3r: Leszek Cichy | Retrospektywa - Blog bilety24\" \/>\n<meta property=\"og:description\" content=\"Z\u0142ota era polskiego himalaizmu \u2013 spotkanie z Leszkiem Cichym w Poznaniu Mi\u0142o\u015bnicy g\u00f3r, podr\u00f3\u017cy i prawdziwych historii pisanych na granicy ludzkich mo\u017cliwo\u015bci powinni zarezerwowa\u0107 sobie ten wiecz\u00f3r. Ju\u017c 30 kwietnia 2026 roku w Pozna\u0144 odb\u0119dzie si\u0119 wyj\u0105tkowe wydarzenie z cyklu \u201eLudzie G\u00f3r\u201d \u2013 spotkanie z legend\u0105 polskiego himalaizmu, Leszek Cichy. Powr\u00f3t do z\u0142otej ery Tegoroczna [&hellip;]\" \/>\n<meta property=\"og:url\" content=\"https:\/\/www.bilety24.pl\/blog\/30-04-poznan-ludzie-gor-leszek-cichy-retrospektywa\/\" \/>\n<meta property=\"og:site_name\" content=\"Blog bilety24\" \/>\n<meta property=\"article:publisher\" content=\"https:\/\/www.facebook.com\/bilety24\/\" \/>\n<meta property=\"article:author\" content=\"https:\/\/www.facebook.com\/bilety24\/\" \/>\n<meta property=\"article:published_time\" content=\"2026-04-02T11:32:34+00:00\" \/>\n<meta property=\"article:modified_time\" content=\"2026-04-02T11:32:52+00:00\" \/>\n<meta property=\"og:image\" content=\"https:\/\/www.bilety24.pl\/blog\/wp-content\/uploads\/2026\/04\/Bez-nazwy-3.jpg\" \/>\n\t<meta property=\"og:image:width\" content=\"1314\" \/>\n\t<meta property=\"og:image:height\" content=\"688\" \/>\n\t<meta property=\"og:image:type\" content=\"image\/jpeg\" \/>\n<meta name=\"author\" content=\"Bilety24\" \/>\n<meta name=\"twitter:card\" content=\"summary_large_image\" \/>\n<meta name=\"twitter:label1\" content=\"Napisane przez\" \/>\n\t<meta name=\"twitter:data1\" content=\"Bilety24\" \/>\n\t<meta name=\"twitter:label2\" content=\"Szacowany czas czytania\" \/>\n\t<meta name=\"twitter:data2\" content=\"2 minuty\" \/>\n<script type=\"application\/ld+json\" class=\"yoast-schema-graph\">{\"@context\":\"https:\/\/schema.org\",\"@graph\":[{\"@type\":\"WebPage\",\"@id\":\"https:\/\/www.bilety24.pl\/blog\/30-04-poznan-ludzie-gor-leszek-cichy-retrospektywa\/\",\"url\":\"https:\/\/www.bilety24.pl\/blog\/30-04-poznan-ludzie-gor-leszek-cichy-retrospektywa\/\",\"name\":\"30.04 Pozna\u0144 - Ludzie G\u00f3r: Leszek Cichy | Retrospektywa - Blog bilety24\",\"isPartOf\":{\"@id\":\"https:\/\/www.bilety24.pl\/blog\/#website\"},\"primaryImageOfPage\":{\"@id\":\"https:\/\/www.bilety24.pl\/blog\/30-04-poznan-ludzie-gor-leszek-cichy-retrospektywa\/#primaryimage\"},\"image\":{\"@id\":\"https:\/\/www.bilety24.pl\/blog\/30-04-poznan-ludzie-gor-leszek-cichy-retrospektywa\/#primaryimage\"},\"thumbnailUrl\":\"https:\/\/www.bilety24.pl\/blog\/wp-content\/uploads\/2026\/04\/Bez-nazwy-3.jpg\",\"datePublished\":\"2026-04-02T11:32:34+00:00\",\"dateModified\":\"2026-04-02T11:32:52+00:00\",\"author\":{\"@id\":\"https:\/\/www.bilety24.pl\/blog\/#\/schema\/person\/7e329e2da8aeaa3d81eb768b6382742e\"},\"breadcrumb\":{\"@id\":\"https:\/\/www.bilety24.pl\/blog\/30-04-poznan-ludzie-gor-leszek-cichy-retrospektywa\/#breadcrumb\"},\"inLanguage\":\"pl-PL\",\"potentialAction\":[{\"@type\":\"ReadAction\",\"target\":[\"https:\/\/www.bilety24.pl\/blog\/30-04-poznan-ludzie-gor-leszek-cichy-retrospektywa\/\"]}]},{\"@type\":\"ImageObject\",\"inLanguage\":\"pl-PL\",\"@id\":\"https:\/\/www.bilety24.pl\/blog\/30-04-poznan-ludzie-gor-leszek-cichy-retrospektywa\/#primaryimage\",\"url\":\"https:\/\/www.bilety24.pl\/blog\/wp-content\/uploads\/2026\/04\/Bez-nazwy-3.jpg\",\"contentUrl\":\"https:\/\/www.bilety24.pl\/blog\/wp-content\/uploads\/2026\/04\/Bez-nazwy-3.jpg\",\"width\":1314,\"height\":688},{\"@type\":\"BreadcrumbList\",\"@id\":\"https:\/\/www.bilety24.pl\/blog\/30-04-poznan-ludzie-gor-leszek-cichy-retrospektywa\/#breadcrumb\",\"itemListElement\":[{\"@type\":\"ListItem\",\"position\":1,\"name\":\"Strona g\u0142\u00f3wna\",\"item\":\"https:\/\/www.bilety24.pl\/blog\/\"},{\"@type\":\"ListItem\",\"position\":2,\"name\":\"30.04 Pozna\u0144 &#8211; Ludzie G\u00f3r: Leszek Cichy | Retrospektywa\"}]},{\"@type\":\"WebSite\",\"@id\":\"https:\/\/www.bilety24.pl\/blog\/#website\",\"url\":\"https:\/\/www.bilety24.pl\/blog\/\",\"name\":\"Blog Bilety24\",\"description\":\"Blog kulturalny\",\"potentialAction\":[{\"@type\":\"SearchAction\",\"target\":{\"@type\":\"EntryPoint\",\"urlTemplate\":\"https:\/\/www.bilety24.pl\/blog\/?s={search_term_string}\"},\"query-input\":{\"@type\":\"PropertyValueSpecification\",\"valueRequired\":true,\"valueName\":\"search_term_string\"}}],\"inLanguage\":\"pl-PL\"},{\"@type\":\"Person\",\"@id\":\"https:\/\/www.bilety24.pl\/blog\/#\/schema\/person\/7e329e2da8aeaa3d81eb768b6382742e\",\"name\":\"Bilety24\",\"image\":{\"@type\":\"ImageObject\",\"inLanguage\":\"pl-PL\",\"@id\":\"https:\/\/www.bilety24.pl\/blog\/#\/schema\/person\/image\/\",\"url\":\"https:\/\/secure.gravatar.com\/avatar\/8d3eaee9955bb1343637ec742a251e4a?s=96&d=mm&r=g\",\"contentUrl\":\"https:\/\/secure.gravatar.com\/avatar\/8d3eaee9955bb1343637ec742a251e4a?s=96&d=mm&r=g\",\"caption\":\"Bilety24\"},\"sameAs\":[\"https:\/\/www.facebook.com\/bilety24\/\",\"https:\/\/www.instagram.com\/_bilety24\/\"],\"url\":\"https:\/\/www.bilety24.pl\/blog\/author\/admin_bilety24\/\"}]}<\/script>\n<!-- \/ Yoast SEO plugin. -->","yoast_head_json":{"title":"30.04 Pozna\u0144 - Ludzie G\u00f3r: Leszek Cichy | Retrospektywa - Blog bilety24","robots":{"index":"index","follow":"follow","max-snippet":"max-snippet:-1","max-image-preview":"max-image-preview:large","max-video-preview":"max-video-preview:-1"},"canonical":"https:\/\/www.bilety24.pl\/blog\/30-04-poznan-ludzie-gor-leszek-cichy-retrospektywa\/","og_locale":"pl_PL","og_type":"article","og_title":"30.04 Pozna\u0144 - Ludzie G\u00f3r: Leszek Cichy | Retrospektywa - Blog bilety24","og_description":"Z\u0142ota era polskiego himalaizmu \u2013 spotkanie z Leszkiem Cichym w Poznaniu Mi\u0142o\u015bnicy g\u00f3r, podr\u00f3\u017cy i prawdziwych historii pisanych na granicy ludzkich mo\u017cliwo\u015bci powinni zarezerwowa\u0107 sobie ten wiecz\u00f3r. Ju\u017c 30 kwietnia 2026 roku w Pozna\u0144 odb\u0119dzie si\u0119 wyj\u0105tkowe wydarzenie z cyklu \u201eLudzie G\u00f3r\u201d \u2013 spotkanie z legend\u0105 polskiego himalaizmu, Leszek Cichy. Powr\u00f3t do z\u0142otej ery Tegoroczna [&hellip;]","og_url":"https:\/\/www.bilety24.pl\/blog\/30-04-poznan-ludzie-gor-leszek-cichy-retrospektywa\/","og_site_name":"Blog bilety24","article_publisher":"https:\/\/www.facebook.com\/bilety24\/","article_author":"https:\/\/www.facebook.com\/bilety24\/","article_published_time":"2026-04-02T11:32:34+00:00","article_modified_time":"2026-04-02T11:32:52+00:00","og_image":[{"width":1314,"height":688,"url":"https:\/\/www.bilety24.pl\/blog\/wp-content\/uploads\/2026\/04\/Bez-nazwy-3.jpg","type":"image\/jpeg"}],"author":"Bilety24","twitter_card":"summary_large_image","twitter_misc":{"Napisane przez":"Bilety24","Szacowany czas czytania":"2 minuty"},"schema":{"@context":"https:\/\/schema.org","@graph":[{"@type":"WebPage","@id":"https:\/\/www.bilety24.pl\/blog\/30-04-poznan-ludzie-gor-leszek-cichy-retrospektywa\/","url":"https:\/\/www.bilety24.pl\/blog\/30-04-poznan-ludzie-gor-leszek-cichy-retrospektywa\/","name":"30.04 Pozna\u0144 - Ludzie G\u00f3r: Leszek Cichy | Retrospektywa - Blog bilety24","isPartOf":{"@id":"https:\/\/www.bilety24.pl\/blog\/#website"},"primaryImageOfPage":{"@id":"https:\/\/www.bilety24.pl\/blog\/30-04-poznan-ludzie-gor-leszek-cichy-retrospektywa\/#primaryimage"},"image":{"@id":"https:\/\/www.bilety24.pl\/blog\/30-04-poznan-ludzie-gor-leszek-cichy-retrospektywa\/#primaryimage"},"thumbnailUrl":"https:\/\/www.bilety24.pl\/blog\/wp-content\/uploads\/2026\/04\/Bez-nazwy-3.jpg","datePublished":"2026-04-02T11:32:34+00:00","dateModified":"2026-04-02T11:32:52+00:00","author":{"@id":"https:\/\/www.bilety24.pl\/blog\/#\/schema\/person\/7e329e2da8aeaa3d81eb768b6382742e"},"breadcrumb":{"@id":"https:\/\/www.bilety24.pl\/blog\/30-04-poznan-ludzie-gor-leszek-cichy-retrospektywa\/#breadcrumb"},"inLanguage":"pl-PL","potentialAction":[{"@type":"ReadAction","target":["https:\/\/www.bilety24.pl\/blog\/30-04-poznan-ludzie-gor-leszek-cichy-retrospektywa\/"]}]},{"@type":"ImageObject","inLanguage":"pl-PL","@id":"https:\/\/www.bilety24.pl\/blog\/30-04-poznan-ludzie-gor-leszek-cichy-retrospektywa\/#primaryimage","url":"https:\/\/www.bilety24.pl\/blog\/wp-content\/uploads\/2026\/04\/Bez-nazwy-3.jpg","contentUrl":"https:\/\/www.bilety24.pl\/blog\/wp-content\/uploads\/2026\/04\/Bez-nazwy-3.jpg","width":1314,"height":688},{"@type":"BreadcrumbList","@id":"https:\/\/www.bilety24.pl\/blog\/30-04-poznan-ludzie-gor-leszek-cichy-retrospektywa\/#breadcrumb","itemListElement":[{"@type":"ListItem","position":1,"name":"Strona g\u0142\u00f3wna","item":"https:\/\/www.bilety24.pl\/blog\/"},{"@type":"ListItem","position":2,"name":"30.04 Pozna\u0144 &#8211; Ludzie G\u00f3r: Leszek Cichy | Retrospektywa"}]},{"@type":"WebSite","@id":"https:\/\/www.bilety24.pl\/blog\/#website","url":"https:\/\/www.bilety24.pl\/blog\/","name":"Blog Bilety24","description":"Blog kulturalny","potentialAction":[{"@type":"SearchAction","target":{"@type":"EntryPoint","urlTemplate":"https:\/\/www.bilety24.pl\/blog\/?s={search_term_string}"},"query-input":{"@type":"PropertyValueSpecification","valueRequired":true,"valueName":"search_term_string"}}],"inLanguage":"pl-PL"},{"@type":"Person","@id":"https:\/\/www.bilety24.pl\/blog\/#\/schema\/person\/7e329e2da8aeaa3d81eb768b6382742e","name":"Bilety24","image":{"@type":"ImageObject","inLanguage":"pl-PL","@id":"https:\/\/www.bilety24.pl\/blog\/#\/schema\/person\/image\/","url":"https:\/\/secure.gravatar.com\/avatar\/8d3eaee9955bb1343637ec742a251e4a?s=96&d=mm&r=g","contentUrl":"https:\/\/secure.gravatar.com\/avatar\/8d3eaee9955bb1343637ec742a251e4a?s=96&d=mm&r=g","caption":"Bilety24"},"sameAs":["https:\/\/www.facebook.com\/bilety24\/","https:\/\/www.instagram.com\/_bilety24\/"],"url":"https:\/\/www.bilety24.pl\/blog\/author\/admin_bilety24\/"}]}},"_links":{"self":[{"href":"https:\/\/www.bilety24.pl\/blog\/wp-json\/wp\/v2\/posts\/6804","targetHints":{"allow":["GET"]}}],"collection":[{"href":"https:\/\/www.bilety24.pl\/blog\/wp-json\/wp\/v2\/posts"}],"about":[{"href":"https:\/\/www.bilety24.pl\/blog\/wp-json\/wp\/v2\/types\/post"}],"author":[{"embeddable":true,"href":"https:\/\/www.bilety24.pl\/blog\/wp-json\/wp\/v2\/users\/1"}],"replies":[{"embeddable":true,"href":"https:\/\/www.bilety24.pl\/blog\/wp-json\/wp\/v2\/comments?post=6804"}],"version-history":[{"count":1,"href":"https:\/\/www.bilety24.pl\/blog\/wp-json\/wp\/v2\/posts\/6804\/revisions"}],"predecessor-version":[{"id":6807,"href":"https:\/\/www.bilety24.pl\/blog\/wp-json\/wp\/v2\/posts\/6804\/revisions\/6807"}],"wp:featuredmedia":[{"embeddable":true,"href":"https:\/\/www.bilety24.pl\/blog\/wp-json\/wp\/v2\/media\/6806"}],"wp:attachment":[{"href":"https:\/\/www.bilety24.pl\/blog\/wp-json\/wp\/v2\/media?parent=6804"}],"wp:term":[{"taxonomy":"category","embeddable":true,"href":"https:\/\/www.bilety24.pl\/blog\/wp-json\/wp\/v2\/categories?post=6804"},{"taxonomy":"post_tag","embeddable":true,"href":"https:\/\/www.bilety24.pl\/blog\/wp-json\/wp\/v2\/tags?post=6804"}],"curies":[{"name":"wp","href":"https:\/\/api.w.org\/{rel}","templated":true}]}}